{"id":3454,"date":"2014-09-04T13:54:01","date_gmt":"2014-09-04T13:54:01","guid":{"rendered":"http:\/\/www.ifbaiano.edu.br\/unidades\/valenca\/?p=3454"},"modified":"2014-09-10T16:43:43","modified_gmt":"2014-09-10T16:43:43","slug":"aconteceu-no-ultimo-dia-2308-a-v-gincana-de-sanidade-animal-e-vegetal","status":"publish","type":"post","link":"https:\/\/www.ifbaiano.edu.br\/unidades\/valenca\/2014\/09\/04\/aconteceu-no-ultimo-dia-2308-a-v-gincana-de-sanidade-animal-e-vegetal\/","title":{"rendered":"ACONTECEU NO \u00daLTIMO DIA 23\/08 A V GINCANA DE SANIDADE ANIMAL E VEGETAL"},"content":{"rendered":"<p style=\"text-align: justify\">\n<p style=\"text-align: justify\"><img decoding=\"async\" loading=\"lazy\" class=\"aligncenter size-medium wp-image-3455\" src=\"http:\/\/www.ifbaiano.edu.br\/unidades\/valenca\/files\/2014\/09\/10614409_703748196381092_6771500168179691406_n-300x209.jpg\" alt=\"\" width=\"300\" height=\"209\" srcset=\"https:\/\/www.ifbaiano.edu.br\/unidades\/valenca\/files\/2014\/09\/10614409_703748196381092_6771500168179691406_n-300x209.jpg 300w, https:\/\/www.ifbaiano.edu.br\/unidades\/valenca\/files\/2014\/09\/10614409_703748196381092_6771500168179691406_n-400x279.jpg 400w, https:\/\/www.ifbaiano.edu.br\/unidades\/valenca\/files\/2014\/09\/10614409_703748196381092_6771500168179691406_n.jpg 800w\" sizes=\"(max-width: 300px) 100vw, 300px\" \/><\/p>\n<p style=\"text-align: justify\">\n<p style=\"text-align: justify\">\n<p style=\"text-align: justify\">\u00a0Em 04\/09\/2014<\/p>\n<p style=\"text-align: justify\">H\u00e1 05 (cinco) anos \u00e9 realizado no IF BAIANO \u2013 CAMPUS Valen\u00e7a, uma gincana com o objetivo de estimular a competi\u00e7\u00e3o saud\u00e1vel, desenvolver habilidades culturais, esportivas, bem como a\u00e7\u00f5es de solidariedade e cidadania dos nossos discentes, al\u00e9m de avaliar os conte\u00fados program\u00e1ticos da disciplina. Essa importante atividade j\u00e1 faz parte do calend\u00e1rio acad\u00eamico do nosso <em>campus<\/em> e \u00e9 uma iniciativa muito louv\u00e1vel do Professor Pedro Geraldo, que tem cumprido um importante papel no que diz respeito a integra\u00e7\u00e3o e aprendizado dos alunos, al\u00e9m do car\u00e1ter social de doa\u00e7\u00e3o de alimentos e integra\u00e7\u00e3o escola\/comunidade.Esse ano, 0s 472 Kg de alimentos arrecadados foram doados para duas institui\u00e7\u00f5es, a A\u00e7\u00e3o Comunit\u00e1ria de Valen\u00e7a \u2013 Lar dos Velhinhos\u00a0 e\u00a0o Projeto Renascer, atrav\u00e9s de Aldenize Reis e Zeliane Magalh\u00e3es.<\/p>\n<p style=\"text-align: justify\"><a href=\"http:\/\/www.ifbaiano.edu.br\/unidades\/valenca\/files\/2014\/09\/lar-dos-velhinhos3.jpg\"><img decoding=\"async\" loading=\"lazy\" style=\"width: 242px;height: 187px\" src=\"http:\/\/www.ifbaiano.edu.br\/unidades\/valenca\/files\/2014\/09\/lar-dos-velhinhos3-300x225.jpg\" alt=\"\" width=\"300\" height=\"225\" \/><img decoding=\"async\" loading=\"lazy\" class=\"aligncenter size-medium wp-image-3459\" style=\"width: 249px;height: 154px\" src=\"http:\/\/www.ifbaiano.edu.br\/unidades\/valenca\/files\/2014\/09\/entrega2-300x237.jpg\" alt=\"\" width=\"300\" height=\"237\" srcset=\"https:\/\/www.ifbaiano.edu.br\/unidades\/valenca\/files\/2014\/09\/entrega2-300x237.jpg 300w, https:\/\/www.ifbaiano.edu.br\/unidades\/valenca\/files\/2014\/09\/entrega2-400x316.jpg 400w, https:\/\/www.ifbaiano.edu.br\/unidades\/valenca\/files\/2014\/09\/entrega2.jpg 800w\" sizes=\"(max-width: 300px) 100vw, 300px\" \/><\/a><\/p>\n<p>&nbsp;<\/p>\n<p style=\"text-align: justify\">Neste ano, a Gincana foi realizada no dia 23 de agosto e o resultado, como sempre, foi muito positivo. Entre as tarefas destinada aos alunos, cita-se: 1. Limpeza Geral da sala. 2. Mostra fotogr\u00e1fica: Nosso Olhar sobre Valen\u00e7a. 3. Trava l\u00ednguas; 4. Equipamentos de prote\u00e7\u00e3o individual (03 atividades); 5. Competi\u00e7\u00e3o esportiva. 6. Nossa sala \u00e9 um show. 7. Conhecimentos gerais e da disciplina. 8. Medidas agr\u00e1rias. 9. Diga n\u00e3o as drogas. 10.Arrecada\u00e7\u00e3o de alimentos. 11. A\u00e7\u00e3o de solidariedade. 12.Interpreta\u00e7\u00e3o de m\u00fasica em libras. 13, Campanha eleitoral (cria\u00e7\u00e3o), entre outras atividades. Competiram as Turmas A, B e C do 1\u00ba ano do Curso de Agropecu\u00e1ria Integrado, das 8:00 h as 16:00 h, obtendo-se o seguinte resultado: &#8211; 1\u00ba lugar Turma B; 2\u00ba lugar Turma C e 3\u00ba lugar Turma A. Independentemente da coloca\u00e7\u00e3o obtida, todas as Turmas est\u00e3o de parab\u00e9ns, pelo esfor\u00e7o, empenho, criatividade e intera\u00e7\u00e3o.<\/p>\n<p style=\"text-align: justify\"><a href=\"http:\/\/www.ifbaiano.edu.br\/unidades\/valenca\/files\/2014\/09\/Alunos2.jpg\"><img decoding=\"async\" loading=\"lazy\" class=\"aligncenter size-medium wp-image-3475\" src=\"http:\/\/www.ifbaiano.edu.br\/unidades\/valenca\/files\/2014\/09\/Alunos2-300x162.jpg\" alt=\"\" width=\"300\" height=\"162\" srcset=\"https:\/\/www.ifbaiano.edu.br\/unidades\/valenca\/files\/2014\/09\/Alunos2-300x162.jpg 300w, https:\/\/www.ifbaiano.edu.br\/unidades\/valenca\/files\/2014\/09\/Alunos2-400x216.jpg 400w, https:\/\/www.ifbaiano.edu.br\/unidades\/valenca\/files\/2014\/09\/Alunos2.jpg 800w\" sizes=\"(max-width: 300px) 100vw, 300px\" \/><\/a><\/p>\n<p style=\"text-align: justify\">Na oportunidade o Professor Pedro Geraldo agradece\u00a0imensamente o apoio dos alunos do 2\u00ba ano do Curso de Agropecu\u00e1ria, que desempenharam importantes pap\u00e9is como padrinhos\/madrinhas das Turmas e\/ou foram jurados, bem como dos colegas, os quais participaram da Gincana, quer seja na log\u00edstica ou como membros julgadores: Tatiana Santana, C\u00e9lia Maria Pedrosa, Gustavo Sabry, Geovane Lima Guimar\u00e3es, Miqueias Feliciano, Indin\u00e9ia Paix\u00e3o, C\u00e9sar, Andr\u00e9, Nilzete e demais senhoras do Restaurante. Registramos ainda o excelente lay out da Art&amp;Cor, bem como as fotografias de Vanessa Andrade e de C\u00e9sar.<\/p>\n<p style=\"text-align: right\">\u00a0\u00a0\u00a0\u00a0\u00a0\u00a0\u00a0\u00a0\u00a0\u00a0\u00a0\u00a0\u00a0\u00a0\u00a0\u00a0\u00a0\u00a0\u00a0\u00a0\u00a0\u00a0\u00a0\u00a0\u00a0\u00a0\u00a0\u00a0\u00a0\u00a0\u00a0\u00a0\u00a0\u00a0\u00a0\u00a0\u00a0\u00a0\u00a0\u00a0\u00a0\u00a0\u00a0\u00a0\u00a0\u00a0\u00a0\u00a0\u00a0\u00a0\u00a0\u00a0\u00a0\u00a0\u00a0\u00a0\u00a0\u00a0\u00a0\u00a0\u00a0\u00a0\u00a0\u00a0\u00a0\u00a0\u00a0\u00a0\u00a0\u00a0\u00a0\u00a0\u00a0\u00a0\u00a0\u00a0\u00a0\u00a0\u00a0\u00a0\u00a0\u00a0\u00a0\u00a0\u00a0\u00a0\u00a0\u00a0\u00a0\u00a0\u00a0\u00a0\u00a0\u00a0\u00a0\u00a0\u00a0\u00a0\u00a0\u00a0\u00a0\u00a0\u00a0\u00a0\u00a0\u00a0\u00a0\u00a0\u00a0\u00a0\u00a0\u00a0\u00a0\u00a0\u00a0\u00a0\u00a0\u00a0\u00a0\u00a0\u00a0\u00a0\u00a0\u00a0\u00a0\u00a0\u00a0\u00a0\u00a0\u00a0\u00a0\u00a0\u00a0\u00a0\u00a0\u00a0\u00a0\u00a0\u00a0\u00a0\u00a0\u00a0\u00a0\u00a0\u00a0\u00a0\u00a0\u00a0\u00a0\u00a0\u00a0\u00a0\u00a0\u00a0\u00a0\u00a0\u00a0\u00a0\u00a0\u00a0\u00a0\u00a0\u00a0\u00a0\u00a0\u00a0\u00a0\u00a0\u00a0\u00a0\u00a0\u00a0\u00a0\u00a0\u00a0\u00a0\u00a0\u00a0\u00a0\u00a0\u00a0\u00a0\u00a0\u00a0\u00a0 Ascom\/Valen\u00e7a<\/p>\n<p>&nbsp;<\/p>\n<p>&nbsp;<\/p>\n","protected":false},"excerpt":{"rendered":"<p>H\u00e1 05 (cinco) anos \u00e9 realizada uma grande gincana no IF BAIANO \u2013 Campus Valen\u00e7a.<\/p>\n","protected":false},"author":34,"featured_media":0,"comment_status":"open","ping_status":"open","sticky":false,"template":"","format":"standard","meta":[],"categories":[5],"tags":[],"_links":{"self":[{"href":"https:\/\/www.ifbaiano.edu.br\/unidades\/valenca\/wp-json\/wp\/v2\/posts\/3454"}],"collection":[{"href":"https:\/\/www.ifbaiano.edu.br\/unidades\/valenca\/wp-json\/wp\/v2\/posts"}],"about":[{"href":"https:\/\/www.ifbaiano.edu.br\/unidades\/valenca\/wp-json\/wp\/v2\/types\/post"}],"author":[{"embeddable":true,"href":"https:\/\/www.ifbaiano.edu.br\/unidades\/valenca\/wp-json\/wp\/v2\/users\/34"}],"replies":[{"embeddable":true,"href":"https:\/\/www.ifbaiano.edu.br\/unidades\/valenca\/wp-json\/wp\/v2\/comments?post=3454"}],"version-history":[{"count":23,"href":"https:\/\/www.ifbaiano.edu.br\/unidades\/valenca\/wp-json\/wp\/v2\/posts\/3454\/revisions"}],"predecessor-version":[{"id":3553,"href":"https:\/\/www.ifbaiano.edu.br\/unidades\/valenca\/wp-json\/wp\/v2\/posts\/3454\/revisions\/3553"}],"wp:attachment":[{"href":"https:\/\/www.ifbaiano.edu.br\/unidades\/valenca\/wp-json\/wp\/v2\/media?parent=3454"}],"wp:term":[{"taxonomy":"category","embeddable":true,"href":"https:\/\/www.ifbaiano.edu.br\/unidades\/valenca\/wp-json\/wp\/v2\/categories?post=3454"},{"taxonomy":"post_tag","embeddable":true,"href":"https:\/\/www.ifbaiano.edu.br\/unidades\/valenca\/wp-json\/wp\/v2\/tags?post=3454"}],"curies":[{"name":"wp","href":"https:\/\/api.w.org\/{rel}","templated":true}]}}