{"id":3554,"date":"2014-09-16T18:02:40","date_gmt":"2014-09-16T18:02:40","guid":{"rendered":"http:\/\/www.ifbaiano.edu.br\/unidades\/valenca\/?p=3554"},"modified":"2014-09-16T18:06:41","modified_gmt":"2014-09-16T18:06:41","slug":"o-canal-sofrencia-de-if-faz-a-cobertura-da-cerimonia-de-posse-da-nova-diretoria-administrativa-do-gremio-estudantil","status":"publish","type":"post","link":"https:\/\/www.ifbaiano.edu.br\/unidades\/valenca\/2014\/09\/16\/o-canal-sofrencia-de-if-faz-a-cobertura-da-cerimonia-de-posse-da-nova-diretoria-administrativa-do-gremio-estudantil\/","title":{"rendered":"O canal Sofr\u00eancia de IF faz a cobertura da Cerim\u00f4nia de posse da nova Diretoria Administrativa do Gr\u00eamio Estudantil."},"content":{"rendered":"<p style=\"text-align: justify\">Ocorreu na \u00faltima quarta-feira (03\/09\/2014) no IF Baiano- <em>Campus <\/em>Valen\u00e7a, a cerim\u00f4nia de posse da nova diretoria administrativa do gr\u00eamio estudantil e certifica\u00e7\u00e3o dos lideres de turmas. Esse evento contou com a presen\u00e7a do corpo docente, t\u00e9cnicos administrativos e principalmente dos discentes. A cerim\u00f4nia iniciou com a execu\u00e7\u00e3o do hino nacional e apresenta\u00e7\u00e3o dos estudantes a serem empossados: Larissa, Lorena, Patrick e Rodrigo que abrilhantaram ainda mais o evento. Ap\u00f3s a apresenta\u00e7\u00e3o, o Diretor Geral Francisco Harley Mendon\u00e7a comentou sobre a grande import\u00e2ncia de um gr\u00eamio unido com os alunos e com a gest\u00e3o para um bom funcionamento da Institui\u00e7\u00e3o, durante a sua fala o diretor entregou ao presidente do gr\u00eamio Jeferson Concei\u00e7\u00e3o a chave da sala da entidade e assim oficializou a posse da nova diretoria. O presidente da Cooperativa (COOPEMARC) e representante de turma Adonay da Paz, entregaram ao presidente do gr\u00eamio a faixa presidencial. A Diretora Acad\u00eamica Tatiana Sant\u2019Anna empossou os representantes de turmas entregando-lhes os certificados, os mesmos realizaram uma surpresa para os professores entregando um certificado ao docente escolhido para ser o padrinho da turma e concluindo os melhores alunos em rendimentos receberam uma medalha de honra ao m\u00e9rito.<\/p>\n<p style=\"text-align: justify\"><a href=\"http:\/\/www.ifbaiano.edu.br\/unidades\/valenca\/files\/2014\/09\/mesa-gremio.jpg\"><img decoding=\"async\" loading=\"lazy\" class=\"alignleft size-medium wp-image-3555\" src=\"http:\/\/www.ifbaiano.edu.br\/unidades\/valenca\/files\/2014\/09\/mesa-gremio-300x225.jpg\" alt=\"\" width=\"300\" height=\"225\" srcset=\"https:\/\/www.ifbaiano.edu.br\/unidades\/valenca\/files\/2014\/09\/mesa-gremio-300x225.jpg 300w, https:\/\/www.ifbaiano.edu.br\/unidades\/valenca\/files\/2014\/09\/mesa-gremio-400x300.jpg 400w, https:\/\/www.ifbaiano.edu.br\/unidades\/valenca\/files\/2014\/09\/mesa-gremio.jpg 960w\" sizes=\"(max-width: 300px) 100vw, 300px\" \/><\/a><a href=\"http:\/\/www.ifbaiano.edu.br\/unidades\/valenca\/files\/2014\/09\/ionsa_n.jpg\"><img decoding=\"async\" loading=\"lazy\" class=\"alignnone size-medium wp-image-3561\" src=\"http:\/\/www.ifbaiano.edu.br\/unidades\/valenca\/files\/2014\/09\/ionsa_n-300x225.jpg\" alt=\"\" width=\"300\" height=\"225\" srcset=\"https:\/\/www.ifbaiano.edu.br\/unidades\/valenca\/files\/2014\/09\/ionsa_n-300x225.jpg 300w, https:\/\/www.ifbaiano.edu.br\/unidades\/valenca\/files\/2014\/09\/ionsa_n-400x300.jpg 400w, https:\/\/www.ifbaiano.edu.br\/unidades\/valenca\/files\/2014\/09\/ionsa_n.jpg 556w\" sizes=\"(max-width: 300px) 100vw, 300px\" \/><\/a><a href=\"http:\/\/www.ifbaiano.edu.br\/unidades\/valenca\/files\/2014\/09\/gremio_n.jpg\"><img decoding=\"async\" loading=\"lazy\" class=\"aligncenter size-medium wp-image-3556\" src=\"http:\/\/www.ifbaiano.edu.br\/unidades\/valenca\/files\/2014\/09\/gremio_n-300x225.jpg\" alt=\"\" width=\"300\" height=\"225\" srcset=\"https:\/\/www.ifbaiano.edu.br\/unidades\/valenca\/files\/2014\/09\/gremio_n-300x225.jpg 300w, https:\/\/www.ifbaiano.edu.br\/unidades\/valenca\/files\/2014\/09\/gremio_n-400x300.jpg 400w, https:\/\/www.ifbaiano.edu.br\/unidades\/valenca\/files\/2014\/09\/gremio_n.jpg 960w\" sizes=\"(max-width: 300px) 100vw, 300px\" \/><\/a><img decoding=\"async\" loading=\"lazy\" class=\"aligncenter size-medium wp-image-3558\" src=\"http:\/\/www.ifbaiano.edu.br\/unidades\/valenca\/files\/2014\/09\/medalia-300x225.jpg\" alt=\"\" width=\"300\" height=\"225\" srcset=\"https:\/\/www.ifbaiano.edu.br\/unidades\/valenca\/files\/2014\/09\/medalia-300x225.jpg 300w, https:\/\/www.ifbaiano.edu.br\/unidades\/valenca\/files\/2014\/09\/medalia-400x300.jpg 400w, https:\/\/www.ifbaiano.edu.br\/unidades\/valenca\/files\/2014\/09\/medalia.jpg 960w\" sizes=\"(max-width: 300px) 100vw, 300px\" \/><\/p>\n","protected":false},"excerpt":{"rendered":"<p>Ocorreu na \u00faltima quarta-feira (03\/09\/2014) no IF Baiano- Campus Valen\u00e7a, a cerim\u00f4nia de posse da nova diretoria administrativa do gr\u00eamio estudantil e certifica\u00e7\u00e3o dos lideres de turmas.<\/p>\n","protected":false},"author":56,"featured_media":0,"comment_status":"open","ping_status":"open","sticky":false,"template":"","format":"standard","meta":[],"categories":[1],"tags":[],"_links":{"self":[{"href":"https:\/\/www.ifbaiano.edu.br\/unidades\/valenca\/wp-json\/wp\/v2\/posts\/3554"}],"collection":[{"href":"https:\/\/www.ifbaiano.edu.br\/unidades\/valenca\/wp-json\/wp\/v2\/posts"}],"about":[{"href":"https:\/\/www.ifbaiano.edu.br\/unidades\/valenca\/wp-json\/wp\/v2\/types\/post"}],"author":[{"embeddable":true,"href":"https:\/\/www.ifbaiano.edu.br\/unidades\/valenca\/wp-json\/wp\/v2\/users\/56"}],"replies":[{"embeddable":true,"href":"https:\/\/www.ifbaiano.edu.br\/unidades\/valenca\/wp-json\/wp\/v2\/comments?post=3554"}],"version-history":[{"count":3,"href":"https:\/\/www.ifbaiano.edu.br\/unidades\/valenca\/wp-json\/wp\/v2\/posts\/3554\/revisions"}],"predecessor-version":[{"id":3560,"href":"https:\/\/www.ifbaiano.edu.br\/unidades\/valenca\/wp-json\/wp\/v2\/posts\/3554\/revisions\/3560"}],"wp:attachment":[{"href":"https:\/\/www.ifbaiano.edu.br\/unidades\/valenca\/wp-json\/wp\/v2\/media?parent=3554"}],"wp:term":[{"taxonomy":"category","embeddable":true,"href":"https:\/\/www.ifbaiano.edu.br\/unidades\/valenca\/wp-json\/wp\/v2\/categories?post=3554"},{"taxonomy":"post_tag","embeddable":true,"href":"https:\/\/www.ifbaiano.edu.br\/unidades\/valenca\/wp-json\/wp\/v2\/tags?post=3554"}],"curies":[{"name":"wp","href":"https:\/\/api.w.org\/{rel}","templated":true}]}}