{"id":3568,"date":"2014-09-18T02:53:41","date_gmt":"2014-09-18T02:53:41","guid":{"rendered":"http:\/\/www.ifbaiano.edu.br\/unidades\/valenca\/?p=3568"},"modified":"2015-02-13T01:15:12","modified_gmt":"2015-02-13T01:15:12","slug":"concurso-de-selfs-para-os-alunos-do-campus-valenca-em-comemoracao-aos-105-anos-da-rede-federal-inscricoes-abertas","status":"publish","type":"post","link":"https:\/\/www.ifbaiano.edu.br\/unidades\/valenca\/2014\/09\/18\/concurso-de-selfs-para-os-alunos-do-campus-valenca-em-comemoracao-aos-105-anos-da-rede-federal-inscricoes-abertas\/","title":{"rendered":"Concurso de &#8220;self&#8217;s&#8221; para os alunos do campus Valen\u00e7a, em comemora\u00e7\u00e3o aos 105 anos da Rede Federal &#8211;  Inscri\u00e7\u00f5es abertas."},"content":{"rendered":"<p>Em comemora\u00e7\u00e3o aos 105 anos da Rede Federal de Educa\u00e7\u00e3o Profissional e Tecnol\u00f3gica, estaremos realizando nos pr\u00f3ximos dias, um concurso de fotografias e frases\u00a0(self&#8217;s) com os alunos do IF Baiano campus Valen\u00e7a. O mesmo tem como objetivos, estimular a criatividade \u00a0dos alunos e ainda demonstrar atrav\u00e9s das imagens o cotidiano dos nossos estudantes. \u00c9 tamb\u00e9m parte da programa\u00e7\u00e3o de um evento comemorativo que ser\u00e1 realizado em todo territ\u00f3rio nacional\u00a0e que no nosso campus acontecer\u00e1 no dia 26\/09\/2014. A seguir as normas para inscri\u00e7\u00e3o no concurso:<\/p>\n<p style=\"text-align: justify\"><strong>\u00a0<\/strong><\/p>\n<ol style=\"text-align: justify\">\n<li>A \u201cself\u201d pode apresentar um ou mais alunos devendo os mesmos estarem uniformizados.<\/li>\n<li>A fotografia deve estar no formato Jpg e ter no m\u00e1ximo 3Mb.<\/li>\n<li>Deve estar vinculada \u00e0 foto, uma frase de no m\u00e1ximo 3 linhas (arial ou time 12) de acordo com o tema: &#8220;Declare seu amor pelo IF Baiano, campus Valen\u00e7a.&#8221;<\/li>\n<li>O per\u00edodo de inscri\u00e7\u00e3o ser\u00e1 de 18\/09 \u00e0 24\/09 at\u00e9 as 17:00 Hs, atrav\u00e9s do envio da foto com a frase para o e-mail: <a href=\"mailto:redefederal105anos@gmail.com\"><span style=\"color: #0000ff\">redefederal105anos@gmail.com<\/span><\/a><\/li>\n<li>No mesmo e-mail o aluno deve informar o nome completo, a s\u00e9rie, o curso e a turma.<\/li>\n<li>Aten\u00e7\u00e3o para o prazo pois n\u00e3o ser\u00e3o aceitas as fotografias enviadas ap\u00f3s o dia e hor\u00e1rio determinado.<\/li>\n<li>Haver\u00e1 premia\u00e7\u00e3o para os 1\u00ba e 2\u00ba colocados, sendo: 1\u00ba lugar um tablet e 2\u00ba lugar um pen drive.<\/li>\n<li>Todas as fotos inscritas poder\u00e3o ser visualizadas durante o processo acessando no facebook a p\u00e1gina: Rede Federal 105 anos IF Valen\u00e7a.<\/li>\n<li>A escolha da foto vencedora ser\u00e1 realizada por uma comiss\u00e3o definida pela Dire\u00e7\u00e3o do Campus.<\/li>\n<li>As fotos ser\u00e3o apresentadas a comunidade no dia 26\/09, durante a cerim\u00f4nia de comemora\u00e7\u00e3o dos 105 anos da Rede Federal, onde faremos a premia\u00e7\u00e3o dos vencedores.<\/li>\n<\/ol>\n<p style=\"text-align: justify\" align=\"right\">Valen\u00e7a-Ba, 17\/09\/2014.<\/p>\n<p style=\"text-align: justify\" align=\"right\">Comiss\u00e3o Organizadora\/Ascom-Valen\u00e7a.<\/p>\n","protected":false},"excerpt":{"rendered":"<p>Em comemora\u00e7\u00e3o aos 105 anos da Rede Federal de Educa\u00e7\u00e3o Profissional e Tecnol\u00f3gica, estaremos realizando nos pr\u00f3ximos dias, um concurso de fotografias e frases (self&#8217;s) com os alunos do IF Baiano campus Valen\u00e7a.<\/p>\n","protected":false},"author":56,"featured_media":0,"comment_status":"open","ping_status":"open","sticky":false,"template":"","format":"standard","meta":[],"categories":[5,1],"tags":[],"_links":{"self":[{"href":"https:\/\/www.ifbaiano.edu.br\/unidades\/valenca\/wp-json\/wp\/v2\/posts\/3568"}],"collection":[{"href":"https:\/\/www.ifbaiano.edu.br\/unidades\/valenca\/wp-json\/wp\/v2\/posts"}],"about":[{"href":"https:\/\/www.ifbaiano.edu.br\/unidades\/valenca\/wp-json\/wp\/v2\/types\/post"}],"author":[{"embeddable":true,"href":"https:\/\/www.ifbaiano.edu.br\/unidades\/valenca\/wp-json\/wp\/v2\/users\/56"}],"replies":[{"embeddable":true,"href":"https:\/\/www.ifbaiano.edu.br\/unidades\/valenca\/wp-json\/wp\/v2\/comments?post=3568"}],"version-history":[{"count":8,"href":"https:\/\/www.ifbaiano.edu.br\/unidades\/valenca\/wp-json\/wp\/v2\/posts\/3568\/revisions"}],"predecessor-version":[{"id":3571,"href":"https:\/\/www.ifbaiano.edu.br\/unidades\/valenca\/wp-json\/wp\/v2\/posts\/3568\/revisions\/3571"}],"wp:attachment":[{"href":"https:\/\/www.ifbaiano.edu.br\/unidades\/valenca\/wp-json\/wp\/v2\/media?parent=3568"}],"wp:term":[{"taxonomy":"category","embeddable":true,"href":"https:\/\/www.ifbaiano.edu.br\/unidades\/valenca\/wp-json\/wp\/v2\/categories?post=3568"},{"taxonomy":"post_tag","embeddable":true,"href":"https:\/\/www.ifbaiano.edu.br\/unidades\/valenca\/wp-json\/wp\/v2\/tags?post=3568"}],"curies":[{"name":"wp","href":"https:\/\/api.w.org\/{rel}","templated":true}]}}