{"id":3621,"date":"2014-10-06T22:18:20","date_gmt":"2014-10-06T22:18:20","guid":{"rendered":"http:\/\/www.ifbaiano.edu.br\/unidades\/valenca\/?p=3621"},"modified":"2014-10-06T22:20:02","modified_gmt":"2014-10-06T22:20:02","slug":"lancado-o-programa-de-monitoria-remunerada-do-if-baiano-campus-valenca-2014","status":"publish","type":"post","link":"https:\/\/www.ifbaiano.edu.br\/unidades\/valenca\/2014\/10\/06\/lancado-o-programa-de-monitoria-remunerada-do-if-baiano-campus-valenca-2014\/","title":{"rendered":"Lan\u00e7ado o Programa de Monitoria Remunerada do IF Baiano Campus Valen\u00e7a-2014."},"content":{"rendered":"<p style=\"text-align: justify\" align=\"LEFT\">Em 06\/10\/2014<\/p>\n<p style=\"text-align: justify\" align=\"LEFT\">O Programa de Monitoria Remunerada do IF Baiano Campus Valen\u00e7a, visa \u00e0 sele\u00e7\u00e3o de alunos monitores em componentes curriculares espec\u00edficos e aprendizado nos setores administrativo-pedag\u00f3gicos do Campus.\u00a0O mesmo tem por objetivo despertar no estudante o interesse pelo ensino e oportunizar a sua participa\u00e7\u00e3o na vida acad\u00eamica em situa\u00e7\u00f5es extracurriculares e que o conduzam \u00e0 plena forma\u00e7\u00e3o cient\u00edfica, t\u00e9cnica, cidad\u00e3 e humanit\u00e1ria, al\u00e9m de promover a melhoria do ensino por meio de novas pr\u00e1ticas e experi\u00eancias pedag\u00f3gicas assegurando uma forma\u00e7\u00e3o profissional mais competente, entre outras. Maiores informa\u00e7\u00f5es acesse <a href=\"http:\/\/www.ifbaiano.edu.br\/unidades\/valenca\/files\/2014\/10\/Edital.pdf\">Edital.<\/a><\/p>\n<p style=\"text-align: justify\" align=\"LEFT\">Ascom\/Valen\u00e7a<\/p>\n","protected":false},"excerpt":{"rendered":"<p>O Programa de Monitoria Remunerada do IF Baiano Campus Valen\u00e7a, visa \u00e0 sele\u00e7\u00e3o de alunos monitores em componentes curriculares espec\u00edficos e aprendizado nos setores administrativo-pedag\u00f3gicos do Campus.<\/p>\n","protected":false},"author":56,"featured_media":0,"comment_status":"open","ping_status":"open","sticky":false,"template":"","format":"standard","meta":[],"categories":[5,1],"tags":[],"_links":{"self":[{"href":"https:\/\/www.ifbaiano.edu.br\/unidades\/valenca\/wp-json\/wp\/v2\/posts\/3621"}],"collection":[{"href":"https:\/\/www.ifbaiano.edu.br\/unidades\/valenca\/wp-json\/wp\/v2\/posts"}],"about":[{"href":"https:\/\/www.ifbaiano.edu.br\/unidades\/valenca\/wp-json\/wp\/v2\/types\/post"}],"author":[{"embeddable":true,"href":"https:\/\/www.ifbaiano.edu.br\/unidades\/valenca\/wp-json\/wp\/v2\/users\/56"}],"replies":[{"embeddable":true,"href":"https:\/\/www.ifbaiano.edu.br\/unidades\/valenca\/wp-json\/wp\/v2\/comments?post=3621"}],"version-history":[{"count":2,"href":"https:\/\/www.ifbaiano.edu.br\/unidades\/valenca\/wp-json\/wp\/v2\/posts\/3621\/revisions"}],"predecessor-version":[{"id":3624,"href":"https:\/\/www.ifbaiano.edu.br\/unidades\/valenca\/wp-json\/wp\/v2\/posts\/3621\/revisions\/3624"}],"wp:attachment":[{"href":"https:\/\/www.ifbaiano.edu.br\/unidades\/valenca\/wp-json\/wp\/v2\/media?parent=3621"}],"wp:term":[{"taxonomy":"category","embeddable":true,"href":"https:\/\/www.ifbaiano.edu.br\/unidades\/valenca\/wp-json\/wp\/v2\/categories?post=3621"},{"taxonomy":"post_tag","embeddable":true,"href":"https:\/\/www.ifbaiano.edu.br\/unidades\/valenca\/wp-json\/wp\/v2\/tags?post=3621"}],"curies":[{"name":"wp","href":"https:\/\/api.w.org\/{rel}","templated":true}]}}