{"id":3626,"date":"2014-10-06T22:52:14","date_gmt":"2014-10-06T22:52:14","guid":{"rendered":"http:\/\/www.ifbaiano.edu.br\/unidades\/valenca\/?p=3626"},"modified":"2014-10-06T23:30:38","modified_gmt":"2014-10-06T23:30:38","slug":"alunos-do-if-baiano-campus-valenca-visitam-parque-das-dunas-em-salvador","status":"publish","type":"post","link":"https:\/\/www.ifbaiano.edu.br\/unidades\/valenca\/2014\/10\/06\/alunos-do-if-baiano-campus-valenca-visitam-parque-das-dunas-em-salvador\/","title":{"rendered":"Alunos do IF Baiano, campus Valen\u00e7a visitam Parque das Dunas em Salvador."},"content":{"rendered":"<p>Em 06\/10\/2014 \u00e0s 19:40 H.<\/p>\n<p style=\"text-align: justify\">No \u00faltimo dia 03 de outubro de 2014, os alunos <strong>do Curso T\u00e9cnico em Meio Ambiente<\/strong> do campus Valen\u00e7a realizaram visita t\u00e9cnica ao <strong>Parque das Dunas<\/strong>, como parte das atividades da disciplina de Educa\u00e7\u00e3o Ambiental ministrada pela Professora Elielma Fernandes. O Parque das Dunas est\u00e1 localizado em Salvador e a mais de 15 anos atua para a preserva\u00e7\u00e3o e conserva\u00e7\u00e3o dos ambientes de restinga, atrav\u00e9s de a\u00e7\u00f5es educativas.<img decoding=\"async\" src=\"http:\/\/www.ifbaiano.edu.br\/unidades\/valenca\/wp-includes\/js\/tinymce\/plugins\/wpgallery\/img\/t.gif\" alt=\"\" \/><\/p>\n\n<p style=\"text-align: justify\">No Parque, os alunos realizaram Trilha Interpretativa, onde foram sendo esclarecidas informa\u00e7\u00f5es sobre o ecossistema, sua import\u00e2ncia, impactos dos empreendimentos em seu entorno e o intenso trabalho que vem sendo realizado pela equipe do Parque.<\/p>\n<p style=\"text-align: justify\">Ascom\/Valen\u00e7a<\/p>\n","protected":false},"excerpt":{"rendered":"<p>No \u00faltimo dia 03 de outubro de 2014, os alunos do Curso T\u00e9cnico em Meio Ambiente do campus Valen\u00e7a realizaram visita t\u00e9cnica ao Parque das Dunas.<\/p>\n","protected":false},"author":56,"featured_media":0,"comment_status":"open","ping_status":"open","sticky":false,"template":"","format":"standard","meta":[],"categories":[1],"tags":[],"_links":{"self":[{"href":"https:\/\/www.ifbaiano.edu.br\/unidades\/valenca\/wp-json\/wp\/v2\/posts\/3626"}],"collection":[{"href":"https:\/\/www.ifbaiano.edu.br\/unidades\/valenca\/wp-json\/wp\/v2\/posts"}],"about":[{"href":"https:\/\/www.ifbaiano.edu.br\/unidades\/valenca\/wp-json\/wp\/v2\/types\/post"}],"author":[{"embeddable":true,"href":"https:\/\/www.ifbaiano.edu.br\/unidades\/valenca\/wp-json\/wp\/v2\/users\/56"}],"replies":[{"embeddable":true,"href":"https:\/\/www.ifbaiano.edu.br\/unidades\/valenca\/wp-json\/wp\/v2\/comments?post=3626"}],"version-history":[{"count":7,"href":"https:\/\/www.ifbaiano.edu.br\/unidades\/valenca\/wp-json\/wp\/v2\/posts\/3626\/revisions"}],"predecessor-version":[{"id":3639,"href":"https:\/\/www.ifbaiano.edu.br\/unidades\/valenca\/wp-json\/wp\/v2\/posts\/3626\/revisions\/3639"}],"wp:attachment":[{"href":"https:\/\/www.ifbaiano.edu.br\/unidades\/valenca\/wp-json\/wp\/v2\/media?parent=3626"}],"wp:term":[{"taxonomy":"category","embeddable":true,"href":"https:\/\/www.ifbaiano.edu.br\/unidades\/valenca\/wp-json\/wp\/v2\/categories?post=3626"},{"taxonomy":"post_tag","embeddable":true,"href":"https:\/\/www.ifbaiano.edu.br\/unidades\/valenca\/wp-json\/wp\/v2\/tags?post=3626"}],"curies":[{"name":"wp","href":"https:\/\/api.w.org\/{rel}","templated":true}]}}