{"id":3655,"date":"2014-10-07T16:48:32","date_gmt":"2014-10-07T16:48:32","guid":{"rendered":"http:\/\/www.ifbaiano.edu.br\/unidades\/valenca\/?p=3655"},"modified":"2014-10-07T17:01:55","modified_gmt":"2014-10-07T17:01:55","slug":"alunos-do-if-baiano-campus-valenca-realizam-atividade-educativa-no-povoado-do-bonfim","status":"publish","type":"post","link":"https:\/\/www.ifbaiano.edu.br\/unidades\/valenca\/2014\/10\/07\/alunos-do-if-baiano-campus-valenca-realizam-atividade-educativa-no-povoado-do-bonfim\/","title":{"rendered":"Alunos do IF Baiano Campus Valen\u00e7a realizam atividade educativa no povoado do Bonfim."},"content":{"rendered":"<p>Em 07\/10\/2014 \u00a0\u00e0s 16:37<\/p>\n<p style=\"text-align: justify\">No \u00faltimo dia 27 de setembro de 2014, os discentes <strong>do Curso T\u00e9cnico em Meio Ambiente<\/strong> do campus Valen\u00e7a participaram da I GINCART, realizada pelo Col\u00e9gio Estadual Herm\u00ednio Jos\u00e9 de Jesus no Povoado do Bonfim, \u00e1rea rural do munic\u00edpio de Valen\u00e7a. Sob a orienta\u00e7\u00e3o da Prof\u00aa Elielma Fernandes, houve a montagem de um stand informativo, onde os alunos explanaram sobre temas como: <strong>Sustentabilidade, Consumo e Consumismo, Gest\u00e3o dos Res\u00edduos S\u00f3lidos e dos Recursos H\u00eddricos<\/strong>, junto aos alunos do col\u00e9gio e a comunidade em geral; e a distribui\u00e7\u00e3o de folders com dicas de a\u00e7\u00f5es sustent\u00e1veis, contribuindo para a difus\u00e3o do conhecimento na \u00e1rea ambiental.\n\t\t<style type=\"text\/css\">\n\t\t\t#gallery-1 {\n\t\t\t\tmargin: auto;\n\t\t\t}\n\t\t\t#gallery-1 .gallery-item {\n\t\t\t\tfloat: left;\n\t\t\t\tmargin-top: 10px;\n\t\t\t\ttext-align: center;\n\t\t\t\twidth: 20%;\n\t\t\t}\n\t\t\t#gallery-1 img {\n\t\t\t\tborder: 2px solid #cfcfcf;\n\t\t\t}\n\t\t\t#gallery-1 .gallery-caption {\n\t\t\t\tmargin-left: 0;\n\t\t\t}\n\t\t\t\/* see gallery_shortcode() in wp-includes\/media.php *\/\n\t\t<\/style>\n\t\t<div id='gallery-1' class='gallery galleryid-3655 gallery-columns-5 gallery-size-thumbnail'><dl class='gallery-item'>\n\t\t\t<dt class='gallery-icon landscape'>\n\t\t\t\t<a href='https:\/\/www.ifbaiano.edu.br\/unidades\/valenca\/files\/2014\/10\/Capturar5.jpg'><img width=\"150\" height=\"150\" src=\"https:\/\/www.ifbaiano.edu.br\/unidades\/valenca\/files\/2014\/10\/Capturar5-150x150.jpg\" class=\"attachment-thumbnail size-thumbnail\" alt=\"\" decoding=\"async\" loading=\"lazy\" \/><\/a>\n\t\t\t<\/dt><\/dl><dl class='gallery-item'>\n\t\t\t<dt class='gallery-icon landscape'>\n\t\t\t\t<a href='https:\/\/www.ifbaiano.edu.br\/unidades\/valenca\/files\/2014\/10\/Capturar4.jpg'><img width=\"150\" height=\"150\" src=\"https:\/\/www.ifbaiano.edu.br\/unidades\/valenca\/files\/2014\/10\/Capturar4-150x150.jpg\" class=\"attachment-thumbnail size-thumbnail\" alt=\"\" decoding=\"async\" loading=\"lazy\" \/><\/a>\n\t\t\t<\/dt><\/dl><dl class='gallery-item'>\n\t\t\t<dt class='gallery-icon landscape'>\n\t\t\t\t<a href='https:\/\/www.ifbaiano.edu.br\/unidades\/valenca\/files\/2014\/10\/Capturar3.jpg'><img width=\"150\" height=\"150\" src=\"https:\/\/www.ifbaiano.edu.br\/unidades\/valenca\/files\/2014\/10\/Capturar3-150x150.jpg\" class=\"attachment-thumbnail size-thumbnail\" alt=\"\" decoding=\"async\" loading=\"lazy\" \/><\/a>\n\t\t\t<\/dt><\/dl><dl class='gallery-item'>\n\t\t\t<dt class='gallery-icon landscape'>\n\t\t\t\t<a href='https:\/\/www.ifbaiano.edu.br\/unidades\/valenca\/files\/2014\/10\/Capturar.1JPG.jpg'><img width=\"150\" height=\"150\" src=\"https:\/\/www.ifbaiano.edu.br\/unidades\/valenca\/files\/2014\/10\/Capturar.1JPG-150x150.jpg\" class=\"attachment-thumbnail size-thumbnail\" alt=\"\" decoding=\"async\" loading=\"lazy\" \/><\/a>\n\t\t\t<\/dt><\/dl><dl class='gallery-item'>\n\t\t\t<dt class='gallery-icon landscape'>\n\t\t\t\t<a href='https:\/\/www.ifbaiano.edu.br\/unidades\/valenca\/files\/2014\/10\/Capturar.jpg'><img width=\"150\" height=\"150\" src=\"https:\/\/www.ifbaiano.edu.br\/unidades\/valenca\/files\/2014\/10\/Capturar-150x150.jpg\" class=\"attachment-thumbnail size-thumbnail\" alt=\"\" decoding=\"async\" loading=\"lazy\" \/><\/a>\n\t\t\t<\/dt><\/dl><br style=\"clear: both\" \/>\n\t\t<\/div>\n<\/p>\n<p>Na oportunidade, os visitantes tamb\u00e9m buscavam informa\u00e7\u00f5es e esclarecimentos sobre os cursos ofertados pelo IFBaiano &#8211; campus Valen\u00e7a, que foram respondidas pelos discentes do campus envolvidos na atividade.<\/p>\n","protected":false},"excerpt":{"rendered":"<p>No \u00faltimo dia 27 de setembro de 2014, os discentes do Curso T\u00e9cnico em Meio Ambiente do campus Valen\u00e7a participaram da I GINCART.<\/p>\n","protected":false},"author":56,"featured_media":0,"comment_status":"open","ping_status":"open","sticky":false,"template":"","format":"standard","meta":[],"categories":[1],"tags":[],"_links":{"self":[{"href":"https:\/\/www.ifbaiano.edu.br\/unidades\/valenca\/wp-json\/wp\/v2\/posts\/3655"}],"collection":[{"href":"https:\/\/www.ifbaiano.edu.br\/unidades\/valenca\/wp-json\/wp\/v2\/posts"}],"about":[{"href":"https:\/\/www.ifbaiano.edu.br\/unidades\/valenca\/wp-json\/wp\/v2\/types\/post"}],"author":[{"embeddable":true,"href":"https:\/\/www.ifbaiano.edu.br\/unidades\/valenca\/wp-json\/wp\/v2\/users\/56"}],"replies":[{"embeddable":true,"href":"https:\/\/www.ifbaiano.edu.br\/unidades\/valenca\/wp-json\/wp\/v2\/comments?post=3655"}],"version-history":[{"count":5,"href":"https:\/\/www.ifbaiano.edu.br\/unidades\/valenca\/wp-json\/wp\/v2\/posts\/3655\/revisions"}],"predecessor-version":[{"id":3663,"href":"https:\/\/www.ifbaiano.edu.br\/unidades\/valenca\/wp-json\/wp\/v2\/posts\/3655\/revisions\/3663"}],"wp:attachment":[{"href":"https:\/\/www.ifbaiano.edu.br\/unidades\/valenca\/wp-json\/wp\/v2\/media?parent=3655"}],"wp:term":[{"taxonomy":"category","embeddable":true,"href":"https:\/\/www.ifbaiano.edu.br\/unidades\/valenca\/wp-json\/wp\/v2\/categories?post=3655"},{"taxonomy":"post_tag","embeddable":true,"href":"https:\/\/www.ifbaiano.edu.br\/unidades\/valenca\/wp-json\/wp\/v2\/tags?post=3655"}],"curies":[{"name":"wp","href":"https:\/\/api.w.org\/{rel}","templated":true}]}}