{"id":3678,"date":"2014-10-09T12:07:39","date_gmt":"2014-10-09T12:07:39","guid":{"rendered":"http:\/\/www.ifbaiano.edu.br\/unidades\/valenca\/?p=3678"},"modified":"2014-10-09T12:07:39","modified_gmt":"2014-10-09T12:07:39","slug":"nota-de-falecimento-2","status":"publish","type":"post","link":"https:\/\/www.ifbaiano.edu.br\/unidades\/valenca\/2014\/10\/09\/nota-de-falecimento-2\/","title":{"rendered":"NOTA DE FALECIMENTO"},"content":{"rendered":"<p style=\"text-align: justify\" align=\"center\">Em 09\/10\/2014.<\/p>\n<p style=\"text-align: justify\" align=\"center\">\u00c9 com imenso pesar que a comunidade do IF Baiano <em>Campus<\/em> Valen\u00e7a, comunica a todos o falecimento de\u00a0Lucas dos Santos Ros\u00e1rio, aluno concluinte do curso subsequente em Agropecu\u00e1ria. Em tempo, informamos que foi decretado Luto oficial por tr\u00eas dias, com suspens\u00e3o das atividades apenas hoje (09\/10\/2014), retornando normalmente amanh\u00e3.<\/p>\n<p style=\"text-align: justify\" align=\"center\">Ascom\/Valen\u00e7a<\/p>\n","protected":false},"excerpt":{"rendered":"<p>\u00c9 com imenso pesar que a comunidade do IF Baiano Campus Valen\u00e7a, comunica a todos o falecimento do aluno Lucas dos Santos Ros\u00e1rio.<\/p>\n","protected":false},"author":56,"featured_media":0,"comment_status":"open","ping_status":"open","sticky":false,"template":"","format":"standard","meta":[],"categories":[5],"tags":[],"_links":{"self":[{"href":"https:\/\/www.ifbaiano.edu.br\/unidades\/valenca\/wp-json\/wp\/v2\/posts\/3678"}],"collection":[{"href":"https:\/\/www.ifbaiano.edu.br\/unidades\/valenca\/wp-json\/wp\/v2\/posts"}],"about":[{"href":"https:\/\/www.ifbaiano.edu.br\/unidades\/valenca\/wp-json\/wp\/v2\/types\/post"}],"author":[{"embeddable":true,"href":"https:\/\/www.ifbaiano.edu.br\/unidades\/valenca\/wp-json\/wp\/v2\/users\/56"}],"replies":[{"embeddable":true,"href":"https:\/\/www.ifbaiano.edu.br\/unidades\/valenca\/wp-json\/wp\/v2\/comments?post=3678"}],"version-history":[{"count":1,"href":"https:\/\/www.ifbaiano.edu.br\/unidades\/valenca\/wp-json\/wp\/v2\/posts\/3678\/revisions"}],"predecessor-version":[{"id":3679,"href":"https:\/\/www.ifbaiano.edu.br\/unidades\/valenca\/wp-json\/wp\/v2\/posts\/3678\/revisions\/3679"}],"wp:attachment":[{"href":"https:\/\/www.ifbaiano.edu.br\/unidades\/valenca\/wp-json\/wp\/v2\/media?parent=3678"}],"wp:term":[{"taxonomy":"category","embeddable":true,"href":"https:\/\/www.ifbaiano.edu.br\/unidades\/valenca\/wp-json\/wp\/v2\/categories?post=3678"},{"taxonomy":"post_tag","embeddable":true,"href":"https:\/\/www.ifbaiano.edu.br\/unidades\/valenca\/wp-json\/wp\/v2\/tags?post=3678"}],"curies":[{"name":"wp","href":"https:\/\/api.w.org\/{rel}","templated":true}]}}