{"id":3691,"date":"2014-10-29T17:25:39","date_gmt":"2014-10-29T17:25:39","guid":{"rendered":"http:\/\/www.ifbaiano.edu.br\/unidades\/valenca\/?p=3691"},"modified":"2014-10-29T17:26:29","modified_gmt":"2014-10-29T17:26:29","slug":"chamada-publica-n%c2%ba-012014-para-aquisicao-de-generos-alimenticios-da-agricultura-familiar-2","status":"publish","type":"post","link":"https:\/\/www.ifbaiano.edu.br\/unidades\/valenca\/2014\/10\/29\/chamada-publica-n%c2%ba-012014-para-aquisicao-de-generos-alimenticios-da-agricultura-familiar-2\/","title":{"rendered":"Chamada P\u00fablica n\u00ba 01\/2014 para aquisi\u00e7\u00e3o de g\u00eaneros aliment\u00edcios da agricultura familiar."},"content":{"rendered":"<p>Em 29\/10\/2014<\/p>\n<p>Chamada P\u00fablica n\u00ba 01\/2014<\/p>\n<p>O Instituto Federal Baiano \u2013 Campus Valen\u00e7a torna p\u00fablico, para conhecimento dos interessados, que realizar\u00e1 a Chamada P\u00fablica n\u00ba 01\/2014. Objeto: Aquisi\u00e7\u00e3o de g\u00eaneros aliment\u00edcios da agricultura familiar para atendimento ao programa Nacional de Alimenta\u00e7\u00e3o Escolar &#8211; PNAE, conforme as pe\u00e7as t\u00e9cnicas constantes do Instrumento Convocat\u00f3rio e seus anexos, partes integrantes desta Chamada P\u00fablica. Edital encontra-se dispon\u00edvel no s\u00edtio <a href=\"http:\/\/www.ifbaiano.edu.br\/\" target=\"\"><span style=\"color: #0072c6\">www.ifbaiano.edu.br\/<\/span><\/a> Campi\/Valen\u00e7a. Sess\u00e3o de abertura: 12\/11\/2014, \u00e0s 09h, Hor\u00e1rio Local, na sede do Instituto Federal Baiano \u2013 Campus Valen\u00e7a, localizado na Glic\u00e9rio Tavares, s\/n, Bate Quente, Cep: 45.400-000, Valen\u00e7a \u2013 Bahia.<\/p>\n","protected":false},"excerpt":{"rendered":"<p>Em 29\/10\/2014 Chamada P\u00fablica n\u00ba 01\/2014 O Instituto Federal Baiano \u2013 Campus Valen\u00e7a torna p\u00fablico, para conhecimento dos interessados, que realizar\u00e1 a Chamada P\u00fablica n\u00ba 01\/2014. Objeto: Aquisi\u00e7\u00e3o de g\u00eaneros aliment\u00edcios da agricultura familiar para atendimento ao programa Nacional de Alimenta\u00e7\u00e3o Escolar &#8211; PNAE, conforme as pe\u00e7as t\u00e9cnicas constantes do Instrumento Convocat\u00f3rio e seus anexos, [&hellip;]<\/p>\n","protected":false},"author":56,"featured_media":0,"comment_status":"open","ping_status":"open","sticky":false,"template":"","format":"standard","meta":[],"categories":[5],"tags":[],"_links":{"self":[{"href":"https:\/\/www.ifbaiano.edu.br\/unidades\/valenca\/wp-json\/wp\/v2\/posts\/3691"}],"collection":[{"href":"https:\/\/www.ifbaiano.edu.br\/unidades\/valenca\/wp-json\/wp\/v2\/posts"}],"about":[{"href":"https:\/\/www.ifbaiano.edu.br\/unidades\/valenca\/wp-json\/wp\/v2\/types\/post"}],"author":[{"embeddable":true,"href":"https:\/\/www.ifbaiano.edu.br\/unidades\/valenca\/wp-json\/wp\/v2\/users\/56"}],"replies":[{"embeddable":true,"href":"https:\/\/www.ifbaiano.edu.br\/unidades\/valenca\/wp-json\/wp\/v2\/comments?post=3691"}],"version-history":[{"count":2,"href":"https:\/\/www.ifbaiano.edu.br\/unidades\/valenca\/wp-json\/wp\/v2\/posts\/3691\/revisions"}],"predecessor-version":[{"id":3693,"href":"https:\/\/www.ifbaiano.edu.br\/unidades\/valenca\/wp-json\/wp\/v2\/posts\/3691\/revisions\/3693"}],"wp:attachment":[{"href":"https:\/\/www.ifbaiano.edu.br\/unidades\/valenca\/wp-json\/wp\/v2\/media?parent=3691"}],"wp:term":[{"taxonomy":"category","embeddable":true,"href":"https:\/\/www.ifbaiano.edu.br\/unidades\/valenca\/wp-json\/wp\/v2\/categories?post=3691"},{"taxonomy":"post_tag","embeddable":true,"href":"https:\/\/www.ifbaiano.edu.br\/unidades\/valenca\/wp-json\/wp\/v2\/tags?post=3691"}],"curies":[{"name":"wp","href":"https:\/\/api.w.org\/{rel}","templated":true}]}}