{"id":3694,"date":"2014-11-22T03:44:35","date_gmt":"2014-11-22T03:44:35","guid":{"rendered":"http:\/\/www.ifbaiano.edu.br\/unidades\/valenca\/?p=3694"},"modified":"2014-12-19T21:11:12","modified_gmt":"2014-12-19T21:11:12","slug":"processo-seletivo-para-professores","status":"publish","type":"post","link":"https:\/\/www.ifbaiano.edu.br\/unidades\/valenca\/2014\/11\/22\/processo-seletivo-para-professores\/","title":{"rendered":"Processo Seletivo para Professores &#8211; Divulgado o Resultado Final."},"content":{"rendered":"<p>Em 04\/12\/2014.<\/p>\n<p>Homologa\u00e7\u00e3o das Inscri\u00e7\u00f5es. <a href=\"http:\/\/www.ifbaiano.edu.br\/unidades\/valenca\/selecao-de-professores\/\" target=\"\"><span style=\"font-family: Calibri;font-size: x-small\">www.ifbaiano.edu.br\/unidades\/valenca\/selecao-de-professores\/<\/span><\/a><\/p>\n<p>LISTA DE INSCRITOS P\u00d3S-RECURSOS: <a href=\"http:\/\/www.ifbaiano.edu.br\/unidades\/valenca\/selecao-de-professores\/\" target=\"\">www.ifbaiano.edu.br\/unidades\/valenca\/selecao-de-professores<\/a><\/p>\n<p>Retifica\u00e7\u00e3o Sorteio dos Pontos Zootecnia. <a href=\"http:\/\/www.ifbaiano.edu.br\/unidades\/valenca\/selecao-de-professores\/\" target=\"\">www.ifbaiano.edu.br\/unidades\/valenca\/selecao-de-professores\/<\/a><\/p>\n<p>15\/12\/2014 &#8211; Resultado Preliminar <a href=\"http:\/\/www.ifbaiano.edu.br\/unidades\/valenca\/selecao-de-professores\/\" target=\"\">www.ifbaiano.edu.br\/unidades\/valenca\/selecao-de-professores<\/a><\/p>\n<h2>19\/12\/2014 &#8211; <span style=\"color: #ff0000\">Resultado Final <a href=\"http:\/\/www.ifbaiano.edu.br\/unidades\/valenca\/selecao-de-professores\/\" target=\"\">www.ifbaiano.edu.br\/unidades\/valenca\/selecao-de-professores<\/a><\/span><\/h2>\n<p>&nbsp;<\/p>\n<p>&#8220;O IF Baiano Campus Valen\u00e7a realizar\u00e1 entre os dias 24\/11\/2014 a 03\/12\/2014 as inscri\u00e7\u00f5es do Processo Seletivo para contrata\u00e7\u00e3o de professores substitutos e tempor\u00e1rios, na seguintes \u00e1reas:<\/p>\n<table class=\"aligncenter\" width=\"555\" border=\"1\" cellspacing=\"0\" cellpadding=\"0\">\n<tbody>\n<tr>\n<td width=\"51\">\n<p align=\"center\"><strong>C\u00f3digo da Vaga<\/strong><\/p>\n<\/td>\n<td width=\"56\">\n<p align=\"center\"><strong>\u00c1rea<\/strong><\/p>\n<\/td>\n<td width=\"72\">\n<p align=\"center\"><strong>\u00c1rea de Atua\u00e7\u00e3o<\/strong><\/p>\n<\/td>\n<td width=\"43\">\n<p align=\"center\"><strong>N\u00b0 Vagas<\/strong><\/p>\n<\/td>\n<td width=\"156\">\n<p align=\"center\"><strong>Habilita\u00e7\u00e3o m\u00ednima requerida<\/strong><\/p>\n<\/td>\n<td width=\"121\">\n<p align=\"center\"><strong>Tempo de contrato<\/strong><\/p>\n<\/td>\n<td width=\"56\">\n<p align=\"center\"><strong>Carga hor\u00e1ria semanal<\/strong><\/p>\n<\/td>\n<\/tr>\n<tr>\n<td width=\"51\">\n<p align=\"center\">001<\/p>\n<\/td>\n<td width=\"56\">\n<p align=\"center\">Ci\u00eancias Agr\u00e1rias<\/p>\n<\/td>\n<td width=\"72\">\n<p align=\"center\">Zootecnia<\/p>\n<\/td>\n<td width=\"43\">\n<p align=\"center\">01<\/p>\n<\/td>\n<td width=\"156\">\n<p align=\"center\">Gradua\u00e7\u00e3o em Zootecnia ou Gradua\u00e7\u00e3o em Medicina Veterin\u00e1ria com especializa\u00e7\u00e3o em Produ\u00e7\u00e3o Animal<\/p>\n<\/td>\n<td width=\"121\">\n<p align=\"center\">Por at\u00e9 6 meses conforme lei 8.745\/93, podendo ser prorrogado por igual per\u00edodo<\/p>\n<\/td>\n<td width=\"56\">\n<p align=\"center\">40 h<\/p>\n<\/td>\n<\/tr>\n<tr>\n<td width=\"51\">\n<p align=\"center\">002<\/p>\n<\/td>\n<td width=\"56\">\n<p align=\"center\">Ci\u00eancias Biol\u00f3gicas<\/p>\n<\/td>\n<td width=\"72\">\n<p align=\"center\">Ci\u00eancias Biol\u00f3gicas<\/p>\n<\/td>\n<td width=\"43\">\n<p align=\"center\">01<\/p>\n<\/td>\n<td width=\"156\">\n<p align=\"center\">Gradua\u00e7\u00e3o em Biologia com especializa\u00e7\u00e3o em Meio Ambiente<\/p>\n<\/td>\n<td width=\"121\">\n<p align=\"center\">Por at\u00e9 12 meses conforme lei 8.745\/93, podendo ser prorrogado por igual per\u00edodo<\/p>\n<\/td>\n<td width=\"56\">\n<p align=\"center\">40 h<\/p>\n<\/td>\n<\/tr>\n<\/tbody>\n<\/table>\n<p>&nbsp;<\/p>\n<table class=\"aligncenter\" width=\"716\" border=\"1\" cellspacing=\"0\" cellpadding=\"0\">\n<tbody>\n<tr>\n<td width=\"54\">\n<p align=\"center\"><strong>C\u00f3digo da Vaga<\/strong><\/p>\n<\/td>\n<td width=\"95\">\n<p align=\"center\"><strong>\u00c1rea<\/strong><\/p>\n<\/td>\n<td width=\"76\">\n<p align=\"center\"><strong>\u00c1rea de Atua\u00e7\u00e3o<\/strong><\/p>\n<\/td>\n<td width=\"47\">\n<p align=\"center\"><strong>N\u00b0 Vagas<\/strong><\/p>\n<\/td>\n<td width=\"170\">\n<p align=\"center\"><strong>Habilita\u00e7\u00e3o m\u00ednima requerida<\/strong><\/p>\n<\/td>\n<td width=\"208\">\n<p align=\"center\"><strong>Tempo de contrato<\/strong><\/p>\n<\/td>\n<td width=\"66\">\n<p align=\"center\"><strong>Carga hor\u00e1ria semanal<\/strong><\/p>\n<\/td>\n<\/tr>\n<tr>\n<td width=\"54\">\n<p align=\"center\">003<\/p>\n<\/td>\n<td width=\"95\">\n<p align=\"center\">Ci\u00eancias Humanas<\/p>\n<\/td>\n<td width=\"76\">\n<p align=\"center\">Filosofia\/ Sociologia<\/p>\n<\/td>\n<td width=\"47\">\n<p align=\"center\">01<\/p>\n<\/td>\n<td width=\"170\">\n<p align=\"center\">Licenciatura em Filosofia ou Sociologia<\/p>\n<\/td>\n<td width=\"208\">\n<p align=\"center\">Por at\u00e9 12 meses conforme lei 8.745\/93, podendo ser prorrogado por igual per\u00edodo<\/p>\n<\/td>\n<td width=\"66\">\n<p align=\"center\">40 h<\/p>\n<\/td>\n<\/tr>\n<tr>\n<td width=\"54\">\n<p align=\"center\">004<\/p>\n<\/td>\n<td width=\"95\">\n<p align=\"center\">Ci\u00eancias Exatas e da Terra<\/p>\n<\/td>\n<td width=\"76\">\n<p align=\"center\">Matem\u00e1tica<\/p>\n<\/td>\n<td width=\"47\">\n<p align=\"center\">01<\/p>\n<\/td>\n<td width=\"170\">\n<p align=\"center\">Licenciatura em Matem\u00e1tica<\/p>\n<\/td>\n<td width=\"208\">\n<p align=\"center\">Por at\u00e9 12 meses conforme lei 8.745\/93, podendo ser prorrogado por igual per\u00edodo<\/p>\n<\/td>\n<td width=\"66\">\n<p align=\"center\">40 h<\/p>\n<\/td>\n<\/tr>\n<tr>\n<td width=\"54\">\n<p align=\"center\">005<\/p>\n<\/td>\n<td width=\"95\">\n<p align=\"center\">Lingu\u00edstica, Letras e Artes<\/p>\n<\/td>\n<td width=\"76\">\n<p align=\"center\">L\u00edngua Inglesa<\/p>\n<\/td>\n<td width=\"47\">\n<p align=\"center\">01<\/p>\n<\/td>\n<td width=\"170\">\n<p align=\"center\">Licenciatura em Letras e habilita\u00e7\u00e3o em L\u00edngua Inglesa e Portuguesa<\/p>\n<\/td>\n<td width=\"208\">\n<p align=\"center\">Por at\u00e9 12 meses conforme lei 8.745\/93, podendo ser prorrogado por igual per\u00edodo<\/p>\n<\/td>\n<td width=\"66\">\n<p align=\"center\">40 h<\/p>\n<\/td>\n<\/tr>\n<tr>\n<td width=\"54\">\n<p align=\"center\">006<\/p>\n<\/td>\n<td width=\"95\">\n<p align=\"center\">Ci\u00eancia Exatas e da Terra<\/p>\n<\/td>\n<td width=\"76\">\n<p align=\"center\">Qu\u00edmica<\/p>\n<\/td>\n<td width=\"47\">\n<p align=\"center\">01<\/p>\n<\/td>\n<td width=\"170\">\n<p align=\"center\">Licenciatura em Qu\u00edmica<\/p>\n<\/td>\n<td width=\"208\">\n<p align=\"center\">Por at\u00e9 12 meses conforme lei 8.745\/93, podendo ser prorrogado por igual per\u00edodo<\/p>\n<\/td>\n<td width=\"66\">\n<p align=\"center\">40 h<\/p>\n<\/td>\n<\/tr>\n<\/tbody>\n<\/table>\n<p>&nbsp;<\/p>\n<p>&nbsp;<\/p>\n<p>&nbsp;<\/p>\n<h2 style=\"text-align: center\"><span style=\"font-family: Calibri;font-size: small\">\u00a0&#8220;Para maiores informa\u00e7\u00f5es, favor consultar o edital no site <a href=\"http:\/\/www.ifbaiano.edu.br\/unidades\/valenca\/selecao-de-professores\/\" target=\"\"><span style=\"color: #0072c6\">www.ifbaiano.edu.br\/unidades\/valenca\/selecao-de-professores\/<\/span><\/a>&#8220;<\/span><\/h2>\n<h1 style=\"text-align: right\"><span style=\"font-family: Calibri;font-size: small\"><br \/>\nAscom\/Valen\u00e7a <\/span><\/h1>\n","protected":false},"excerpt":{"rendered":"<p>O IF Baiano Campus Valen\u00e7a realizar\u00e1 entre os dias 24\/11\/2014 a 03\/12\/2014 as inscri\u00e7\u00f5es do Processo Seletivo para contrata\u00e7\u00e3o de professores substitutos e tempor\u00e1rios.<\/p>\n","protected":false},"author":56,"featured_media":0,"comment_status":"open","ping_status":"open","sticky":false,"template":"","format":"standard","meta":[],"categories":[5],"tags":[],"_links":{"self":[{"href":"https:\/\/www.ifbaiano.edu.br\/unidades\/valenca\/wp-json\/wp\/v2\/posts\/3694"}],"collection":[{"href":"https:\/\/www.ifbaiano.edu.br\/unidades\/valenca\/wp-json\/wp\/v2\/posts"}],"about":[{"href":"https:\/\/www.ifbaiano.edu.br\/unidades\/valenca\/wp-json\/wp\/v2\/types\/post"}],"author":[{"embeddable":true,"href":"https:\/\/www.ifbaiano.edu.br\/unidades\/valenca\/wp-json\/wp\/v2\/users\/56"}],"replies":[{"embeddable":true,"href":"https:\/\/www.ifbaiano.edu.br\/unidades\/valenca\/wp-json\/wp\/v2\/comments?post=3694"}],"version-history":[{"count":14,"href":"https:\/\/www.ifbaiano.edu.br\/unidades\/valenca\/wp-json\/wp\/v2\/posts\/3694\/revisions"}],"predecessor-version":[{"id":3696,"href":"https:\/\/www.ifbaiano.edu.br\/unidades\/valenca\/wp-json\/wp\/v2\/posts\/3694\/revisions\/3696"}],"wp:attachment":[{"href":"https:\/\/www.ifbaiano.edu.br\/unidades\/valenca\/wp-json\/wp\/v2\/media?parent=3694"}],"wp:term":[{"taxonomy":"category","embeddable":true,"href":"https:\/\/www.ifbaiano.edu.br\/unidades\/valenca\/wp-json\/wp\/v2\/categories?post=3694"},{"taxonomy":"post_tag","embeddable":true,"href":"https:\/\/www.ifbaiano.edu.br\/unidades\/valenca\/wp-json\/wp\/v2\/tags?post=3694"}],"curies":[{"name":"wp","href":"https:\/\/api.w.org\/{rel}","templated":true}]}}