{"id":3736,"date":"2015-02-04T16:38:03","date_gmt":"2015-02-04T16:38:03","guid":{"rendered":"http:\/\/www.ifbaiano.edu.br\/unidades\/valenca\/?p=3736"},"modified":"2015-02-04T16:38:03","modified_gmt":"2015-02-04T16:38:03","slug":"edital-de-matricula-estudantes-aprovados-no-processo-seletivo-2015","status":"publish","type":"post","link":"https:\/\/www.ifbaiano.edu.br\/unidades\/valenca\/2015\/02\/04\/edital-de-matricula-estudantes-aprovados-no-processo-seletivo-2015\/","title":{"rendered":"EDITAL DE MATR\u00cdCULA &#8211;  Estudantes aprovados no processo seletivo 2015."},"content":{"rendered":"<address>Em 04\/02\/2015<\/address>\n<address>\u00a0<\/address>\n<address>O Diretor Geral do INSTITUTO FEDERAL DE EDUCA\u00c7\u00c3O, CI\u00caNCIA E TECNOLOGIA BAIANO \u2013 CAMPUS VALEN\u00c7A, no uso de suas atribui\u00e7\u00f5es legais,\u00a0resolve: CONVOCAR EM PRIMEIRA CHAMADA para efetiva\u00e7\u00e3o de suas MATR\u00cdCULAS, os candidatos <strong>APROVADOS <\/strong>de acordo com listagem divulgada na p\u00e1gina oficial de concursos do IFBaiano,\u00a0referente ao PROCESSO SELETIVO UNIFICADO 2015 . Prazo para matr\u00edcula e demais informa\u00e7\u00f5es acesse o Edital anexo. <a href=\"http:\/\/www.ifbaiano.edu.br\/unidades\/valenca\/files\/2015\/02\/Edital-de-Matricula.pdf\">Edital de Matricula<\/a>\u00a0<\/address>\n<address>\u00a0<\/address>\n<address>Ascom\/ Valen\u00e7a<\/address>\n<h1 style=\"text-align: justify\"><\/h1>\n","protected":false},"excerpt":{"rendered":"<p>Convoca\u00e7\u00e3o em PRIMEIRA CHAMADA para efetiva\u00e7\u00e3o de MATR\u00cdCULAS, dos candidatos APROVADOS no PROCESSO SELETIVO UNIFICADO 2015.<\/p>\n","protected":false},"author":56,"featured_media":0,"comment_status":"open","ping_status":"open","sticky":false,"template":"","format":"standard","meta":[],"categories":[5],"tags":[],"_links":{"self":[{"href":"https:\/\/www.ifbaiano.edu.br\/unidades\/valenca\/wp-json\/wp\/v2\/posts\/3736"}],"collection":[{"href":"https:\/\/www.ifbaiano.edu.br\/unidades\/valenca\/wp-json\/wp\/v2\/posts"}],"about":[{"href":"https:\/\/www.ifbaiano.edu.br\/unidades\/valenca\/wp-json\/wp\/v2\/types\/post"}],"author":[{"embeddable":true,"href":"https:\/\/www.ifbaiano.edu.br\/unidades\/valenca\/wp-json\/wp\/v2\/users\/56"}],"replies":[{"embeddable":true,"href":"https:\/\/www.ifbaiano.edu.br\/unidades\/valenca\/wp-json\/wp\/v2\/comments?post=3736"}],"version-history":[{"count":1,"href":"https:\/\/www.ifbaiano.edu.br\/unidades\/valenca\/wp-json\/wp\/v2\/posts\/3736\/revisions"}],"predecessor-version":[{"id":3738,"href":"https:\/\/www.ifbaiano.edu.br\/unidades\/valenca\/wp-json\/wp\/v2\/posts\/3736\/revisions\/3738"}],"wp:attachment":[{"href":"https:\/\/www.ifbaiano.edu.br\/unidades\/valenca\/wp-json\/wp\/v2\/media?parent=3736"}],"wp:term":[{"taxonomy":"category","embeddable":true,"href":"https:\/\/www.ifbaiano.edu.br\/unidades\/valenca\/wp-json\/wp\/v2\/categories?post=3736"},{"taxonomy":"post_tag","embeddable":true,"href":"https:\/\/www.ifbaiano.edu.br\/unidades\/valenca\/wp-json\/wp\/v2\/tags?post=3736"}],"curies":[{"name":"wp","href":"https:\/\/api.w.org\/{rel}","templated":true}]}}