{"id":3838,"date":"2015-03-23T14:03:05","date_gmt":"2015-03-23T14:03:05","guid":{"rendered":"http:\/\/www.ifbaiano.edu.br\/unidades\/valenca\/?p=3838"},"modified":"2015-03-23T14:24:54","modified_gmt":"2015-03-23T14:24:54","slug":"aberto-edital-para-selecao-de-estagiarios-em-pedagogia","status":"publish","type":"post","link":"https:\/\/www.ifbaiano.edu.br\/unidades\/valenca\/2015\/03\/23\/aberto-edital-para-selecao-de-estagiarios-em-pedagogia\/","title":{"rendered":"Aberto Edital para Sele\u00e7\u00e3o de Estagi\u00e1rios em Pedagogia."},"content":{"rendered":"<p>&nbsp;<\/p>\n<p><span style=\"font-size: small\">Est\u00e3o abertas as inscri\u00e7\u00f5es, entre os dias <\/span><strong><span style=\"font-family: Georgia,Georgia;font-size: small\"><span style=\"font-family: Georgia,Georgia;font-size: small\">23 a 27 de mar\u00e7o de 2015<\/span><\/span><\/strong><span style=\"font-size: small\">, para o <\/span><strong><span style=\"font-family: Georgia,Georgia;font-size: small\"><span style=\"font-family: Georgia,Georgia;font-size: small\">PROCESSO DE SELE\u00c7AO DE ESTAGI\u00c1RIOS PARA ATUAREM NO INSTITUTO FEDERAL DE EDUCA\u00c7\u00c3O, CI\u00caNCIA E TECNOLOGIA BAIANO \u2013 CAMPUS VALEN\u00c7A. <\/span><\/span><\/strong><\/p>\n<p>&nbsp;<\/p>\n<p><strong><span style=\"font-family: Georgia,Georgia;font-size: small\"><span style=\"font-family: Georgia,Georgia;font-size: small\">Maiores informa\u00e7\u00e3oes acesse o <a href=\"http:\/\/www.ifbaiano.edu.br\/unidades\/valenca\/files\/2015\/03\/edital5.pdf\">edital<\/a><\/span><\/span><\/strong><\/p>\n<p>&nbsp;<\/p>\n<p>&nbsp;<\/p>\n<p>&nbsp;<\/p>\n<p><strong><span style=\"font-family: Georgia,Georgia;font-size: small\"><span style=\"font-family: Georgia,Georgia;font-size: small\">\u00a0<\/span><\/span><\/strong><\/p>\n<p><strong><span style=\"font-family: Georgia,Georgia;font-size: small\"><span style=\"font-family: Georgia,Georgia;font-size: small\">Ascom\/Valen\u00e7a.<\/span><\/span><\/strong><\/p>\n","protected":false},"excerpt":{"rendered":"<p>Est\u00e3o abertas as inscri\u00e7\u00f5es, entre os dias 23 a 27 de mar\u00e7o de 2015, para o PROCESSO DE SELE\u00c7AO DE ESTAGI\u00c1RIOS.<\/p>\n","protected":false},"author":56,"featured_media":0,"comment_status":"open","ping_status":"open","sticky":false,"template":"","format":"standard","meta":[],"categories":[5],"tags":[],"_links":{"self":[{"href":"https:\/\/www.ifbaiano.edu.br\/unidades\/valenca\/wp-json\/wp\/v2\/posts\/3838"}],"collection":[{"href":"https:\/\/www.ifbaiano.edu.br\/unidades\/valenca\/wp-json\/wp\/v2\/posts"}],"about":[{"href":"https:\/\/www.ifbaiano.edu.br\/unidades\/valenca\/wp-json\/wp\/v2\/types\/post"}],"author":[{"embeddable":true,"href":"https:\/\/www.ifbaiano.edu.br\/unidades\/valenca\/wp-json\/wp\/v2\/users\/56"}],"replies":[{"embeddable":true,"href":"https:\/\/www.ifbaiano.edu.br\/unidades\/valenca\/wp-json\/wp\/v2\/comments?post=3838"}],"version-history":[{"count":4,"href":"https:\/\/www.ifbaiano.edu.br\/unidades\/valenca\/wp-json\/wp\/v2\/posts\/3838\/revisions"}],"predecessor-version":[{"id":3847,"href":"https:\/\/www.ifbaiano.edu.br\/unidades\/valenca\/wp-json\/wp\/v2\/posts\/3838\/revisions\/3847"}],"wp:attachment":[{"href":"https:\/\/www.ifbaiano.edu.br\/unidades\/valenca\/wp-json\/wp\/v2\/media?parent=3838"}],"wp:term":[{"taxonomy":"category","embeddable":true,"href":"https:\/\/www.ifbaiano.edu.br\/unidades\/valenca\/wp-json\/wp\/v2\/categories?post=3838"},{"taxonomy":"post_tag","embeddable":true,"href":"https:\/\/www.ifbaiano.edu.br\/unidades\/valenca\/wp-json\/wp\/v2\/tags?post=3838"}],"curies":[{"name":"wp","href":"https:\/\/api.w.org\/{rel}","templated":true}]}}