{"id":3857,"date":"2015-05-04T18:01:18","date_gmt":"2015-05-04T18:01:18","guid":{"rendered":"http:\/\/www.ifbaiano.edu.br\/unidades\/valenca\/?p=3857"},"modified":"2015-05-04T18:01:18","modified_gmt":"2015-05-04T18:01:18","slug":"divulgacao-da-selecao-do-programa-de-assistencia-estudantil-paise-campus-valenca","status":"publish","type":"post","link":"https:\/\/www.ifbaiano.edu.br\/unidades\/valenca\/2015\/05\/04\/divulgacao-da-selecao-do-programa-de-assistencia-estudantil-paise-campus-valenca\/","title":{"rendered":"DIVULGA\u00c7\u00c3O DA SELE\u00c7\u00c3O DO PROGRAMA DE ASSIST\u00caNCIA ESTUDANTIL &#8211; PAISE CAMPUS VALEN\u00c7A"},"content":{"rendered":"<p>O estudante selecionado dever\u00e1 apresentar \u00e0 Comiss\u00e3o de Assist\u00eancia Estudantil do Campus seus dados banc\u00e1rios referentes aos n\u00fameros do banco, ag\u00eancia e conta corrente, aberta com o seu CPF, n\u00e3o se aceitando conta conjunta nem conta poupan\u00e7a, para o repasse financeiro, entre os dias 04 a 08 de maio, nos hor\u00e1rios das 08h \u00e0s 11h e das 14h \u00e0s 17h. Maiores informa\u00e7\u00f5es, procurar a Coordena\u00e7\u00e3o de Assist\u00eancia ao Educando &#8211; CAE.<\/p>\n<p><a href=\"http:\/\/www.ifbaiano.edu.br\/unidades\/valenca\/files\/2015\/05\/RESULTADO-FINAL-2015.1.pdf\">RESULTADO FINAL 2015.1<\/a><\/p>\n<p>&nbsp;<\/p>\n<p><a href=\"http:\/\/www.ifbaiano.edu.br\/unidades\/valenca\/files\/2015\/05\/OR\u00c7AMENTO-2015.pdf\">OR\u00c7AMENTO &#8211; 2015<\/a><\/p>\n<p>&nbsp;<\/p>\n","protected":false},"excerpt":{"rendered":"<p>O estudante selecionado dever\u00e1 apresentar \u00e0 Comiss\u00e3o de Assist\u00eancia Estudantil do Campus seus dados banc\u00e1rios referentes aos n\u00fameros do banco, ag\u00eancia e conta corrente, aberta com o seu CPF, n\u00e3o se aceitando conta conjunta nem conta poupan\u00e7a, para o repasse financeiro, entre os dias 04 a 08 de maio, nos hor\u00e1rios das 08h \u00e0s 11h [&hellip;]<\/p>\n","protected":false},"author":62,"featured_media":0,"comment_status":"open","ping_status":"open","sticky":false,"template":"","format":"standard","meta":[],"categories":[47,5],"tags":[],"_links":{"self":[{"href":"https:\/\/www.ifbaiano.edu.br\/unidades\/valenca\/wp-json\/wp\/v2\/posts\/3857"}],"collection":[{"href":"https:\/\/www.ifbaiano.edu.br\/unidades\/valenca\/wp-json\/wp\/v2\/posts"}],"about":[{"href":"https:\/\/www.ifbaiano.edu.br\/unidades\/valenca\/wp-json\/wp\/v2\/types\/post"}],"author":[{"embeddable":true,"href":"https:\/\/www.ifbaiano.edu.br\/unidades\/valenca\/wp-json\/wp\/v2\/users\/62"}],"replies":[{"embeddable":true,"href":"https:\/\/www.ifbaiano.edu.br\/unidades\/valenca\/wp-json\/wp\/v2\/comments?post=3857"}],"version-history":[{"count":1,"href":"https:\/\/www.ifbaiano.edu.br\/unidades\/valenca\/wp-json\/wp\/v2\/posts\/3857\/revisions"}],"predecessor-version":[{"id":3860,"href":"https:\/\/www.ifbaiano.edu.br\/unidades\/valenca\/wp-json\/wp\/v2\/posts\/3857\/revisions\/3860"}],"wp:attachment":[{"href":"https:\/\/www.ifbaiano.edu.br\/unidades\/valenca\/wp-json\/wp\/v2\/media?parent=3857"}],"wp:term":[{"taxonomy":"category","embeddable":true,"href":"https:\/\/www.ifbaiano.edu.br\/unidades\/valenca\/wp-json\/wp\/v2\/categories?post=3857"},{"taxonomy":"post_tag","embeddable":true,"href":"https:\/\/www.ifbaiano.edu.br\/unidades\/valenca\/wp-json\/wp\/v2\/tags?post=3857"}],"curies":[{"name":"wp","href":"https:\/\/api.w.org\/{rel}","templated":true}]}}