{"id":3861,"date":"2015-05-25T18:52:54","date_gmt":"2015-05-25T18:52:54","guid":{"rendered":"http:\/\/www.ifbaiano.edu.br\/unidades\/valenca\/?p=3861"},"modified":"2015-05-25T19:55:41","modified_gmt":"2015-05-25T19:55:41","slug":"edital-para-escolha-de-representante-egresso-do-conselho-superior","status":"publish","type":"post","link":"https:\/\/www.ifbaiano.edu.br\/unidades\/valenca\/2015\/05\/25\/edital-para-escolha-de-representante-egresso-do-conselho-superior\/","title":{"rendered":"Edital para Escolha de Representante Egresso do Conselho Superior"},"content":{"rendered":"<p>Estar\u00e3o abertas as inscri\u00e7\u00f5es do processo eleitor para escolha de um representante egresso da Emarc\/IFBaiano, para compor o Conselho Superior do IFBaiano.<br \/>\nO per\u00edodo de inscri\u00e7\u00e3o ser\u00e1 do dia 27\/05 at\u00e9 as 15h do dia 29\/05. Os interessados que decidam concorrer dever\u00e3o se dirigir ao campus nesse per\u00edodo, portando os seguintes documentos:<br \/>\n-Requerimento pr\u00f3prio preenchido (Anexo I do edital)<br \/>\n-C\u00f3pia de documento com foto autenticado, ou acompanhado do original;<br \/>\n-Comprova\u00e7\u00e3o de v\u00ednculo institucional (diploma, certificado ou hist\u00f3rico escolar)<br \/>\n-Ficha de perfil dos candidatos, (Anexo V do edital), devidamente preenchida.<\/p>\n<p><a href=\"http:\/\/www.ifbaiano.edu.br\/unidades\/valenca\/files\/2015\/05\/edital.pdf\">Edital n\u00ba 39 de 20.05.2015 &#8211; Processo de Escolha dos Representantes Egressos composi\u00e7\u00e3o do CONSUP<\/a><\/p>\n<p>&nbsp;<\/p>\n<p>Duvidas e informa\u00e7\u00f5es\u00a0comissao.consup@valenca.ifbaiano.edu.br<\/p>\n<p>&nbsp;<\/p>\n","protected":false},"excerpt":{"rendered":"<p>Estar\u00e3o abertas as inscri\u00e7\u00f5es do processo eleitor para escolha de um representante egresso da Emarc\/IFBaiano, para compor o Conselho Superior do IFBaiano. O per\u00edodo de inscri\u00e7\u00e3o ser\u00e1 do dia 27\/05 at\u00e9 as 15h do dia 29\/05. Os interessados que decidam concorrer dever\u00e3o se dirigir ao campus nesse per\u00edodo, portando os seguintes documentos: -Requerimento pr\u00f3prio preenchido [&hellip;]<\/p>\n","protected":false},"author":62,"featured_media":0,"comment_status":"open","ping_status":"open","sticky":false,"template":"","format":"standard","meta":[],"categories":[4,38,5,36,10,32],"tags":[],"_links":{"self":[{"href":"https:\/\/www.ifbaiano.edu.br\/unidades\/valenca\/wp-json\/wp\/v2\/posts\/3861"}],"collection":[{"href":"https:\/\/www.ifbaiano.edu.br\/unidades\/valenca\/wp-json\/wp\/v2\/posts"}],"about":[{"href":"https:\/\/www.ifbaiano.edu.br\/unidades\/valenca\/wp-json\/wp\/v2\/types\/post"}],"author":[{"embeddable":true,"href":"https:\/\/www.ifbaiano.edu.br\/unidades\/valenca\/wp-json\/wp\/v2\/users\/62"}],"replies":[{"embeddable":true,"href":"https:\/\/www.ifbaiano.edu.br\/unidades\/valenca\/wp-json\/wp\/v2\/comments?post=3861"}],"version-history":[{"count":7,"href":"https:\/\/www.ifbaiano.edu.br\/unidades\/valenca\/wp-json\/wp\/v2\/posts\/3861\/revisions"}],"predecessor-version":[{"id":3864,"href":"https:\/\/www.ifbaiano.edu.br\/unidades\/valenca\/wp-json\/wp\/v2\/posts\/3861\/revisions\/3864"}],"wp:attachment":[{"href":"https:\/\/www.ifbaiano.edu.br\/unidades\/valenca\/wp-json\/wp\/v2\/media?parent=3861"}],"wp:term":[{"taxonomy":"category","embeddable":true,"href":"https:\/\/www.ifbaiano.edu.br\/unidades\/valenca\/wp-json\/wp\/v2\/categories?post=3861"},{"taxonomy":"post_tag","embeddable":true,"href":"https:\/\/www.ifbaiano.edu.br\/unidades\/valenca\/wp-json\/wp\/v2\/tags?post=3861"}],"curies":[{"name":"wp","href":"https:\/\/api.w.org\/{rel}","templated":true}]}}