{"id":3872,"date":"2015-06-17T18:05:34","date_gmt":"2015-06-17T18:05:34","guid":{"rendered":"http:\/\/www.ifbaiano.edu.br\/unidades\/valenca\/?p=3872"},"modified":"2015-06-17T18:06:57","modified_gmt":"2015-06-17T18:06:57","slug":"edital-de-chamada-interna-de-pesquisa-e-extensao","status":"publish","type":"post","link":"https:\/\/www.ifbaiano.edu.br\/unidades\/valenca\/2015\/06\/17\/edital-de-chamada-interna-de-pesquisa-e-extensao\/","title":{"rendered":"Edital de Chamada Interna de pesquisa e Extens\u00e3o"},"content":{"rendered":"<p>Segue edital de chamada interna de pesquisa e extens\u00e3o.<\/p>\n<p>O prazo para recursos \u00e9 de 17\/06\/2015 \u00a0a 18\/06\/2015 e deve-se\u00a0utilizar formul\u00e1rio pr\u00f3prio no anexo no edital.<\/p>\n<p><a href=\"http:\/\/www.ifbaiano.edu.br\/unidades\/valenca\/files\/2015\/06\/editalchaminterna.pdf\">Edital de Chamada Interna de pesquisa e Extens\u00e3o<\/a><\/p>\n","protected":false},"excerpt":{"rendered":"<p>Segue edital de chamada interna de pesquisa e extens\u00e3o. O prazo para recursos \u00e9 de 17\/06\/2015 \u00a0a 18\/06\/2015 e deve-se\u00a0utilizar formul\u00e1rio pr\u00f3prio no anexo no edital. Edital de Chamada Interna de pesquisa e Extens\u00e3o<\/p>\n","protected":false},"author":62,"featured_media":0,"comment_status":"open","ping_status":"open","sticky":false,"template":"","format":"standard","meta":[],"categories":[4,5,36,10],"tags":[],"_links":{"self":[{"href":"https:\/\/www.ifbaiano.edu.br\/unidades\/valenca\/wp-json\/wp\/v2\/posts\/3872"}],"collection":[{"href":"https:\/\/www.ifbaiano.edu.br\/unidades\/valenca\/wp-json\/wp\/v2\/posts"}],"about":[{"href":"https:\/\/www.ifbaiano.edu.br\/unidades\/valenca\/wp-json\/wp\/v2\/types\/post"}],"author":[{"embeddable":true,"href":"https:\/\/www.ifbaiano.edu.br\/unidades\/valenca\/wp-json\/wp\/v2\/users\/62"}],"replies":[{"embeddable":true,"href":"https:\/\/www.ifbaiano.edu.br\/unidades\/valenca\/wp-json\/wp\/v2\/comments?post=3872"}],"version-history":[{"count":3,"href":"https:\/\/www.ifbaiano.edu.br\/unidades\/valenca\/wp-json\/wp\/v2\/posts\/3872\/revisions"}],"predecessor-version":[{"id":3876,"href":"https:\/\/www.ifbaiano.edu.br\/unidades\/valenca\/wp-json\/wp\/v2\/posts\/3872\/revisions\/3876"}],"wp:attachment":[{"href":"https:\/\/www.ifbaiano.edu.br\/unidades\/valenca\/wp-json\/wp\/v2\/media?parent=3872"}],"wp:term":[{"taxonomy":"category","embeddable":true,"href":"https:\/\/www.ifbaiano.edu.br\/unidades\/valenca\/wp-json\/wp\/v2\/categories?post=3872"},{"taxonomy":"post_tag","embeddable":true,"href":"https:\/\/www.ifbaiano.edu.br\/unidades\/valenca\/wp-json\/wp\/v2\/tags?post=3872"}],"curies":[{"name":"wp","href":"https:\/\/api.w.org\/{rel}","templated":true}]}}