{"id":3982,"date":"2015-07-14T11:50:48","date_gmt":"2015-07-14T11:50:48","guid":{"rendered":"http:\/\/www.ifbaiano.edu.br\/unidades\/valenca\/?p=3982"},"modified":"2015-07-14T11:50:48","modified_gmt":"2015-07-14T11:50:48","slug":"nota-de-falecimento","status":"publish","type":"post","link":"https:\/\/www.ifbaiano.edu.br\/unidades\/valenca\/2015\/07\/14\/nota-de-falecimento\/","title":{"rendered":"Nota de Falecimento"},"content":{"rendered":"<p>Prezados(as) Servidores(as),<\/p>\n<p>\u00c9 com grande pesar que o Instituto Federal de Educa\u00e7\u00e3o, Ci\u00eancia e Tecnologia Baiano, Campus Valen\u00e7a,<br \/>\ncomunica o falecimento do Sr\u00aa Maria Arg\u00e9lia Sampaio Alves, m\u00e3e do Professor\u00a0Emmanoel Barbosa, ocorrido no dia 13 de julho de 2015. O<br \/>\nsepultamento esta previsto para as 14:00 hs do dia 14 de Julho de 2015 em Cruz das Almas &#8211; Bahia.<br \/>\nN\u00f3s do IF Baiano prestamos nossas condol\u00eancias e solidariedade ao colega Emmanoel e familiares.<\/p>\n","protected":false},"excerpt":{"rendered":"<p>Prezados(as) Servidores(as), \u00c9 com grande pesar que o Instituto Federal de Educa\u00e7\u00e3o, Ci\u00eancia e Tecnologia Baiano, Campus Valen\u00e7a, comunica o falecimento do Sr\u00aa Maria Arg\u00e9lia Sampaio Alves, m\u00e3e do Professor\u00a0Emmanoel Barbosa, ocorrido no dia 13 de julho de 2015. O sepultamento esta previsto para as 14:00 hs do dia 14 de Julho de 2015 em [&hellip;]<\/p>\n","protected":false},"author":62,"featured_media":0,"comment_status":"open","ping_status":"open","sticky":false,"template":"","format":"standard","meta":[],"categories":[10],"tags":[],"_links":{"self":[{"href":"https:\/\/www.ifbaiano.edu.br\/unidades\/valenca\/wp-json\/wp\/v2\/posts\/3982"}],"collection":[{"href":"https:\/\/www.ifbaiano.edu.br\/unidades\/valenca\/wp-json\/wp\/v2\/posts"}],"about":[{"href":"https:\/\/www.ifbaiano.edu.br\/unidades\/valenca\/wp-json\/wp\/v2\/types\/post"}],"author":[{"embeddable":true,"href":"https:\/\/www.ifbaiano.edu.br\/unidades\/valenca\/wp-json\/wp\/v2\/users\/62"}],"replies":[{"embeddable":true,"href":"https:\/\/www.ifbaiano.edu.br\/unidades\/valenca\/wp-json\/wp\/v2\/comments?post=3982"}],"version-history":[{"count":2,"href":"https:\/\/www.ifbaiano.edu.br\/unidades\/valenca\/wp-json\/wp\/v2\/posts\/3982\/revisions"}],"predecessor-version":[{"id":3984,"href":"https:\/\/www.ifbaiano.edu.br\/unidades\/valenca\/wp-json\/wp\/v2\/posts\/3982\/revisions\/3984"}],"wp:attachment":[{"href":"https:\/\/www.ifbaiano.edu.br\/unidades\/valenca\/wp-json\/wp\/v2\/media?parent=3982"}],"wp:term":[{"taxonomy":"category","embeddable":true,"href":"https:\/\/www.ifbaiano.edu.br\/unidades\/valenca\/wp-json\/wp\/v2\/categories?post=3982"},{"taxonomy":"post_tag","embeddable":true,"href":"https:\/\/www.ifbaiano.edu.br\/unidades\/valenca\/wp-json\/wp\/v2\/tags?post=3982"}],"curies":[{"name":"wp","href":"https:\/\/api.w.org\/{rel}","templated":true}]}}