{"id":4093,"date":"2015-10-02T12:01:25","date_gmt":"2015-10-02T12:01:25","guid":{"rendered":"http:\/\/www.ifbaiano.edu.br\/unidades\/valenca\/?p=4093"},"modified":"2015-10-14T13:19:09","modified_gmt":"2015-10-14T13:19:09","slug":"2o-processo-seletivo-de-estagiarios-do-ifbaiano-campus-valenca","status":"publish","type":"post","link":"https:\/\/www.ifbaiano.edu.br\/unidades\/valenca\/2015\/10\/02\/2o-processo-seletivo-de-estagiarios-do-ifbaiano-campus-valenca\/","title":{"rendered":"2\u00ba Processo Seletivo de Estagi\u00e1rios do IFBAIANO &#8211; Campus Valen\u00e7a."},"content":{"rendered":"<p>Entre os dias 12 e 23 de outubro de 2015, estar\u00e3o abertas as inscri\u00e7\u00f5es do 2\u00ba Processo Seletivo de Estagi\u00e1rios do IFBAIANO &#8211; Campus Valen\u00e7a. As oportunidades, para forma\u00e7\u00e3o de cadastro reserva, s\u00e3o para os cursos de Administra\u00e7\u00e3o, Educa\u00e7\u00e3o F\u00edsica e Pedagogia.<\/p>\n<p>A sele\u00e7\u00e3o consistir\u00e1 de an\u00e1lise do Curriculum Lattes e entrevista. O estagi\u00e1rios receber\u00e1 bolsa no valor de R$ 520,00, acrescido de aux\u00edlio transporte, com jornada di\u00e1ria de 6 horas.<\/p>\n<p>Outras informa\u00e7\u00f5es podem ser verificadas no Edital (dispon\u00edvel abaixo) e pelo telefone <a href=\"75%203641-9458\">75 3641-5270<\/a>.<\/p>\n<p><a title=\"Edital\" href=\"http:\/\/www.ifbaiano.edu.br\/unidades\/valenca\/files\/2015\/10\/Untitled02102015.pdf\" target=\"_blank\">Edital<\/a><\/p>\n","protected":false},"excerpt":{"rendered":"<p>Entre os dias 12 e 23 de outubro de 2015, estar\u00e3o abertas as inscri\u00e7\u00f5es do 2\u00ba Processo Seletivo de Estagi\u00e1rios do IFBAIANO &#8211; Campus Valen\u00e7a. As oportunidades, para forma\u00e7\u00e3o de cadastro reserva, s\u00e3o para os cursos de Administra\u00e7\u00e3o, Educa\u00e7\u00e3o F\u00edsica e Pedagogia. A sele\u00e7\u00e3o consistir\u00e1 de an\u00e1lise do Curriculum Lattes e entrevista. O estagi\u00e1rios receber\u00e1 [&hellip;]<\/p>\n","protected":false},"author":62,"featured_media":0,"comment_status":"open","ping_status":"open","sticky":false,"template":"","format":"standard","meta":[],"categories":[5,9,32],"tags":[],"_links":{"self":[{"href":"https:\/\/www.ifbaiano.edu.br\/unidades\/valenca\/wp-json\/wp\/v2\/posts\/4093"}],"collection":[{"href":"https:\/\/www.ifbaiano.edu.br\/unidades\/valenca\/wp-json\/wp\/v2\/posts"}],"about":[{"href":"https:\/\/www.ifbaiano.edu.br\/unidades\/valenca\/wp-json\/wp\/v2\/types\/post"}],"author":[{"embeddable":true,"href":"https:\/\/www.ifbaiano.edu.br\/unidades\/valenca\/wp-json\/wp\/v2\/users\/62"}],"replies":[{"embeddable":true,"href":"https:\/\/www.ifbaiano.edu.br\/unidades\/valenca\/wp-json\/wp\/v2\/comments?post=4093"}],"version-history":[{"count":5,"href":"https:\/\/www.ifbaiano.edu.br\/unidades\/valenca\/wp-json\/wp\/v2\/posts\/4093\/revisions"}],"predecessor-version":[{"id":4195,"href":"https:\/\/www.ifbaiano.edu.br\/unidades\/valenca\/wp-json\/wp\/v2\/posts\/4093\/revisions\/4195"}],"wp:attachment":[{"href":"https:\/\/www.ifbaiano.edu.br\/unidades\/valenca\/wp-json\/wp\/v2\/media?parent=4093"}],"wp:term":[{"taxonomy":"category","embeddable":true,"href":"https:\/\/www.ifbaiano.edu.br\/unidades\/valenca\/wp-json\/wp\/v2\/categories?post=4093"},{"taxonomy":"post_tag","embeddable":true,"href":"https:\/\/www.ifbaiano.edu.br\/unidades\/valenca\/wp-json\/wp\/v2\/tags?post=4093"}],"curies":[{"name":"wp","href":"https:\/\/api.w.org\/{rel}","templated":true}]}}