{"id":4100,"date":"2015-10-06T13:29:37","date_gmt":"2015-10-06T13:29:37","guid":{"rendered":"http:\/\/www.ifbaiano.edu.br\/unidades\/valenca\/?p=4100"},"modified":"2015-11-12T11:31:27","modified_gmt":"2015-11-12T11:31:27","slug":"chamada-publica-pnae","status":"publish","type":"post","link":"https:\/\/www.ifbaiano.edu.br\/unidades\/valenca\/2015\/10\/06\/chamada-publica-pnae\/","title":{"rendered":"CHAMADA P\u00daBLICA PNAE"},"content":{"rendered":"<p>O Instituto Federal Baiano \u2013 <em>Campus <\/em>Valen\u00e7a torna p\u00fablico, para conhecimento dos interessados, que realizar\u00e1 a Chamada P\u00fablica n\u00ba 01\/2015. Objeto: Aquisi\u00e7\u00e3o de g\u00eaneros aliment\u00edcios da agricultura familiar para atendimento ao programa Nacional de Alimenta\u00e7\u00e3o Escolar &#8211; PNAE, <!--more-->conforme as pe\u00e7as t\u00e9cnicas constantes no Instrumento Convocat\u00f3rio e seus anexos, partes integrantes desta Chamada P\u00fablica. O Edital encontra-se dispon\u00edvel na sede do \u00a0Campus e no s\u00edtio\u00a0 <span style=\"text-decoration: underline\">http:\/\/www.ifbaiano.edu.br\/unidades\/valenca<\/span>. Sess\u00e3o de abertura: 27\/10\/2015, \u00e0s 09h, Hor\u00e1rio Local, na sede do Instituto Federal Baiano \u2013 <em>Campus <\/em>Valen\u00e7a, localizado na Rua Glic\u00e9rio Tavares, s\/n, Bate Quente, CEP: 45.400-000, Valen\u00e7a \u2013 Bahia.<\/p>\n<p>&nbsp;<\/p>\n<p>Segue em anexo Editais e Formul\u00e1rios.<\/p>\n<p><a href=\"http:\/\/www.ifbaiano.edu.br\/unidades\/valenca\/files\/2015\/10\/Edital-de-Chamada-Publica-01.2015.pdf\">Edital de Chamada P\u00fablica 01.2015<\/a><\/p>\n<p><a href=\"http:\/\/www.ifbaiano.edu.br\/unidades\/valenca\/files\/2015\/10\/1-Anexo-I-Especificacoes.pdf\">1 Anexo I &#8211; Especifica\u00e7\u00f5es<\/a><\/p>\n<p><a href=\"http:\/\/www.ifbaiano.edu.br\/unidades\/valenca\/files\/2015\/10\/2-Anexo-II-Projeto-de-Vendas.odt\">2 Anexo II &#8211; Projeto de Vendas<\/a><\/p>\n<p><a href=\"http:\/\/www.ifbaiano.edu.br\/unidades\/valenca\/files\/2015\/10\/3-Anexo-III-Declaracao-de-Origem-dos-Produtos.odt\">3 Anexo III- Declara\u00e7\u00e3o de Origem dos Produtos<\/a><\/p>\n<p><a href=\"http:\/\/www.ifbaiano.edu.br\/unidades\/valenca\/files\/2015\/10\/4-Anexo-IV-Modelo-de-Termo-de-Recebimento.odt\">4 Anexo IV &#8211; Modelo de Termo de Recebimento<\/a><\/p>\n<p><a href=\"http:\/\/www.ifbaiano.edu.br\/unidades\/valenca\/files\/2015\/10\/5-Anexo-V-Minuta-do-Contrato.odt\">5 Anexo V &#8211; Minuta do Contrato<\/a><\/p>\n<p><a href=\"http:\/\/www.ifbaiano.edu.br\/unidades\/valenca\/files\/2015\/10\/AVISO-DE-CHAMADA-PUBLICA-01.pdf\">AVISO DE CHAMADA P\u00daBLICA 01<\/a><\/p>\n<p>&nbsp;<\/p>\n","protected":false},"excerpt":{"rendered":"<p>O Instituto Federal Baiano \u2013 Campus Valen\u00e7a torna p\u00fablico, para conhecimento dos interessados, que realizar\u00e1 a Chamada P\u00fablica n\u00ba 01\/2015. Objeto: Aquisi\u00e7\u00e3o de g\u00eaneros aliment\u00edcios da agricultura familiar para atendimento ao programa Nacional de Alimenta\u00e7\u00e3o Escolar &#8211; PNAE,<\/p>\n","protected":false},"author":62,"featured_media":4111,"comment_status":"open","ping_status":"open","sticky":false,"template":"","format":"standard","meta":[],"categories":[33,4,5,8,36],"tags":[],"_links":{"self":[{"href":"https:\/\/www.ifbaiano.edu.br\/unidades\/valenca\/wp-json\/wp\/v2\/posts\/4100"}],"collection":[{"href":"https:\/\/www.ifbaiano.edu.br\/unidades\/valenca\/wp-json\/wp\/v2\/posts"}],"about":[{"href":"https:\/\/www.ifbaiano.edu.br\/unidades\/valenca\/wp-json\/wp\/v2\/types\/post"}],"author":[{"embeddable":true,"href":"https:\/\/www.ifbaiano.edu.br\/unidades\/valenca\/wp-json\/wp\/v2\/users\/62"}],"replies":[{"embeddable":true,"href":"https:\/\/www.ifbaiano.edu.br\/unidades\/valenca\/wp-json\/wp\/v2\/comments?post=4100"}],"version-history":[{"count":5,"href":"https:\/\/www.ifbaiano.edu.br\/unidades\/valenca\/wp-json\/wp\/v2\/posts\/4100\/revisions"}],"predecessor-version":[{"id":4116,"href":"https:\/\/www.ifbaiano.edu.br\/unidades\/valenca\/wp-json\/wp\/v2\/posts\/4100\/revisions\/4116"}],"wp:featuredmedia":[{"embeddable":true,"href":"https:\/\/www.ifbaiano.edu.br\/unidades\/valenca\/wp-json\/wp\/v2\/media\/4111"}],"wp:attachment":[{"href":"https:\/\/www.ifbaiano.edu.br\/unidades\/valenca\/wp-json\/wp\/v2\/media?parent=4100"}],"wp:term":[{"taxonomy":"category","embeddable":true,"href":"https:\/\/www.ifbaiano.edu.br\/unidades\/valenca\/wp-json\/wp\/v2\/categories?post=4100"},{"taxonomy":"post_tag","embeddable":true,"href":"https:\/\/www.ifbaiano.edu.br\/unidades\/valenca\/wp-json\/wp\/v2\/tags?post=4100"}],"curies":[{"name":"wp","href":"https:\/\/api.w.org\/{rel}","templated":true}]}}