{"id":4123,"date":"2015-10-20T19:49:16","date_gmt":"2015-10-20T19:49:16","guid":{"rendered":"http:\/\/www.ifbaiano.edu.br\/unidades\/valenca\/?p=4123"},"modified":"2015-11-12T11:33:10","modified_gmt":"2015-11-12T11:33:10","slug":"campus-valenca-realiza-i-encontro-de-ciencias-agrarias-agroifii-encontro-de-meio-ambiente-e-maif","status":"publish","type":"post","link":"https:\/\/www.ifbaiano.edu.br\/unidades\/valenca\/2015\/10\/20\/campus-valenca-realiza-i-encontro-de-ciencias-agrarias-agroifii-encontro-de-meio-ambiente-e-maif\/","title":{"rendered":"Campus Valen\u00e7a realiza  I Encontro de Ci\u00eancias Agr\u00e1rias &#8211; AGROIF e II Encontro de Meio Ambiente &#8211; EMAIF"},"content":{"rendered":"<p><a href=\"http:\/\/www.ifbaiano.edu.br\/unidades\/valenca\/files\/2015\/10\/emaifagroif.png\"><img decoding=\"async\" loading=\"lazy\" class=\"size-full wp-image-4124 alignleft\" src=\"http:\/\/www.ifbaiano.edu.br\/unidades\/valenca\/files\/2015\/10\/emaifagroif.png\" alt=\"\" width=\"245\" height=\"189\" srcset=\"https:\/\/www.ifbaiano.edu.br\/unidades\/valenca\/files\/2015\/10\/emaifagroif.png 980w, https:\/\/www.ifbaiano.edu.br\/unidades\/valenca\/files\/2015\/10\/emaifagroif-300x231.png 300w, https:\/\/www.ifbaiano.edu.br\/unidades\/valenca\/files\/2015\/10\/emaifagroif-400x308.png 400w\" sizes=\"(max-width: 245px) 100vw, 245px\" \/><\/a>Acontecer\u00e1 de 11 a 13 de novembro de 2015, no IFBAIANO, campus Valen\u00e7a, o I Encontro de Ci\u00eancias Agr\u00e1rias &#8211; AGROIF\/II Encontro de Meio Ambiente &#8211; EMAIF<!--more-->, com o tema: Educa\u00e7\u00e3o e Sustentabilidade: di\u00e1logo de saberes em \u00e1reas integradas. Haver\u00e1 a Feira de Agr\u00e1rias, atividades culturais, minicursos, palestras, exposi\u00e7\u00e3o de p\u00f4steres, mesa redonda e confer\u00eancia. Ocorrer\u00e1 tamb\u00e9m o Circuito Tela Verde, que consiste na exposi\u00e7\u00e3o de curtas-metragens relacionadas \u00e0s quest\u00f5es ambientais.<\/p>\n<p>&nbsp;<\/p>\n<p>Veja nossos cronogramas<\/p>\n<p><a href=\"http:\/\/www.ifbaiano.edu.br\/unidades\/valenca\/files\/2015\/10\/Programacao-Cronograma.pdf\">Cronograma<\/a>.<\/p>\n<p><a href=\"http:\/\/www.ifbaiano.edu.br\/unidades\/valenca\/files\/2015\/10\/Programacao-Cultural-Emaif.pdf\">Programa\u00e7\u00e3o Cultural<\/a><\/p>\n<p>&nbsp;<\/p>\n<p><a href=\"http:\/\/www.even3.com.br\/agroifemaif\" target=\"_blank\">FA\u00c7A SUA INSCRI\u00c7\u00c3O AQUI.<\/a><\/p>\n<p>Informa\u00e7\u00f5es via e-mail: agroifemaif@valenca.ifbaiano.edu.br ou no pr\u00f3prio campus.<\/p>\n","protected":false},"excerpt":{"rendered":"<p>Acontecer\u00e1 de 11 a 13 de novembro de 2015, no IFBAIANO, campus Valen\u00e7a, o I Encontro de Ci\u00eancias Agr\u00e1rias &#8211; AGROIF\/II Encontro de Meio Ambiente &#8211; EMAIF<\/p>\n","protected":false},"author":62,"featured_media":4124,"comment_status":"open","ping_status":"open","sticky":false,"template":"","format":"standard","meta":[],"categories":[38,5,21,34,36],"tags":[],"_links":{"self":[{"href":"https:\/\/www.ifbaiano.edu.br\/unidades\/valenca\/wp-json\/wp\/v2\/posts\/4123"}],"collection":[{"href":"https:\/\/www.ifbaiano.edu.br\/unidades\/valenca\/wp-json\/wp\/v2\/posts"}],"about":[{"href":"https:\/\/www.ifbaiano.edu.br\/unidades\/valenca\/wp-json\/wp\/v2\/types\/post"}],"author":[{"embeddable":true,"href":"https:\/\/www.ifbaiano.edu.br\/unidades\/valenca\/wp-json\/wp\/v2\/users\/62"}],"replies":[{"embeddable":true,"href":"https:\/\/www.ifbaiano.edu.br\/unidades\/valenca\/wp-json\/wp\/v2\/comments?post=4123"}],"version-history":[{"count":12,"href":"https:\/\/www.ifbaiano.edu.br\/unidades\/valenca\/wp-json\/wp\/v2\/posts\/4123\/revisions"}],"predecessor-version":[{"id":4200,"href":"https:\/\/www.ifbaiano.edu.br\/unidades\/valenca\/wp-json\/wp\/v2\/posts\/4123\/revisions\/4200"}],"wp:featuredmedia":[{"embeddable":true,"href":"https:\/\/www.ifbaiano.edu.br\/unidades\/valenca\/wp-json\/wp\/v2\/media\/4124"}],"wp:attachment":[{"href":"https:\/\/www.ifbaiano.edu.br\/unidades\/valenca\/wp-json\/wp\/v2\/media?parent=4123"}],"wp:term":[{"taxonomy":"category","embeddable":true,"href":"https:\/\/www.ifbaiano.edu.br\/unidades\/valenca\/wp-json\/wp\/v2\/categories?post=4123"},{"taxonomy":"post_tag","embeddable":true,"href":"https:\/\/www.ifbaiano.edu.br\/unidades\/valenca\/wp-json\/wp\/v2\/tags?post=4123"}],"curies":[{"name":"wp","href":"https:\/\/api.w.org\/{rel}","templated":true}]}}