{"id":4134,"date":"2015-10-26T17:19:32","date_gmt":"2015-10-26T17:19:32","guid":{"rendered":"http:\/\/www.ifbaiano.edu.br\/unidades\/valenca\/?p=4134"},"modified":"2015-11-12T11:10:14","modified_gmt":"2015-11-12T11:10:14","slug":"prorrogado-o-2-processo-seletivo-de-estagiarios-do-ifbaiano-campus-valenca","status":"publish","type":"post","link":"https:\/\/www.ifbaiano.edu.br\/unidades\/valenca\/2015\/10\/26\/prorrogado-o-2-processo-seletivo-de-estagiarios-do-ifbaiano-campus-valenca\/","title":{"rendered":"Prorrogado o 2\u00ba Processo Seletivo de Estagi\u00e1rios do IFBAIANO &#8211; Campus Valen\u00e7a."},"content":{"rendered":"<p>O Diretor Geral <em>Pro Tempore <\/em>do INSTITUTO FEDERAL DE EDUCA\u00c7\u00c3O, CI\u00caNCIA E TECNOLOGIA BAIANO &#8211; <em>CAMPUS <\/em>VALEN\u00c7A, no uso de suas disposi\u00e7\u00f5es legais, RETIFICA,<!--more--> atrav\u00e9s do presente edital, as regras do <strong>PROCESSO DE SELE\u00c7\u00c3O DE ESTAGI\u00c1RIOS PARA ATUAREM NO INSTITUTO FEDERAL DE EDUCA\u00c7\u00c3O, CI\u00caNCIA E TECNOLOGIA BAIANO &#8211; <em>CAMPUS <\/em>VALEN\u00c7A<\/strong>, conforme edital a seguir:<\/p>\n<p>&nbsp;<\/p>\n<h2><a href=\"http:\/\/www.ifbaiano.edu.br\/unidades\/valenca\/files\/2015\/10\/Untitled26102015.pdf\">edital<\/a><\/h2>\n<p>&nbsp;<\/p>\n<p>&nbsp;<\/p>\n","protected":false},"excerpt":{"rendered":"<p>O Diretor Geral Pro Tempore do INSTITUTO FEDERAL DE EDUCA\u00c7\u00c3O, CI\u00caNCIA E TECNOLOGIA BAIANO &#8211; CAMPUS VALEN\u00c7A, no uso de suas disposi\u00e7\u00f5es legais, RETIFICA,<\/p>\n","protected":false},"author":62,"featured_media":0,"comment_status":"open","ping_status":"open","sticky":false,"template":"","format":"standard","meta":[],"categories":[4,9,32],"tags":[],"_links":{"self":[{"href":"https:\/\/www.ifbaiano.edu.br\/unidades\/valenca\/wp-json\/wp\/v2\/posts\/4134"}],"collection":[{"href":"https:\/\/www.ifbaiano.edu.br\/unidades\/valenca\/wp-json\/wp\/v2\/posts"}],"about":[{"href":"https:\/\/www.ifbaiano.edu.br\/unidades\/valenca\/wp-json\/wp\/v2\/types\/post"}],"author":[{"embeddable":true,"href":"https:\/\/www.ifbaiano.edu.br\/unidades\/valenca\/wp-json\/wp\/v2\/users\/62"}],"replies":[{"embeddable":true,"href":"https:\/\/www.ifbaiano.edu.br\/unidades\/valenca\/wp-json\/wp\/v2\/comments?post=4134"}],"version-history":[{"count":5,"href":"https:\/\/www.ifbaiano.edu.br\/unidades\/valenca\/wp-json\/wp\/v2\/posts\/4134\/revisions"}],"predecessor-version":[{"id":4193,"href":"https:\/\/www.ifbaiano.edu.br\/unidades\/valenca\/wp-json\/wp\/v2\/posts\/4134\/revisions\/4193"}],"wp:attachment":[{"href":"https:\/\/www.ifbaiano.edu.br\/unidades\/valenca\/wp-json\/wp\/v2\/media?parent=4134"}],"wp:term":[{"taxonomy":"category","embeddable":true,"href":"https:\/\/www.ifbaiano.edu.br\/unidades\/valenca\/wp-json\/wp\/v2\/categories?post=4134"},{"taxonomy":"post_tag","embeddable":true,"href":"https:\/\/www.ifbaiano.edu.br\/unidades\/valenca\/wp-json\/wp\/v2\/tags?post=4134"}],"curies":[{"name":"wp","href":"https:\/\/api.w.org\/{rel}","templated":true}]}}