{"id":4140,"date":"2015-10-29T17:04:40","date_gmt":"2015-10-29T17:04:40","guid":{"rendered":"http:\/\/www.ifbaiano.edu.br\/unidades\/valenca\/?p=4140"},"modified":"2015-10-29T17:04:40","modified_gmt":"2015-10-29T17:04:40","slug":"divulgado-os-novos-prazos-para-o-agroifemaif","status":"publish","type":"post","link":"https:\/\/www.ifbaiano.edu.br\/unidades\/valenca\/2015\/10\/29\/divulgado-os-novos-prazos-para-o-agroifemaif\/","title":{"rendered":"Divulgado os novos prazos para o AGROIF\/EMAIF:"},"content":{"rendered":"<p>Divulgado os novos prazos para o AGROIF\/EMAIF:<\/p>\n<p>&#8211; Inscri\u00e7\u00f5es de Participantes: at\u00e9 06\/11\/2015<\/p>\n<p>&#8211; Submiss\u00f5es de Trabalho (Precisa estar inscrito como Participante): at\u00e9 04\/11\/2015<\/p>\n<p>&#8211; Resultado dos Trabalhos Aprovados: at\u00e9 06\/11\/2015<\/p>\n","protected":false},"excerpt":{"rendered":"<p>Divulgado os novos prazos para o AGROIF\/EMAIF: &#8211; Inscri\u00e7\u00f5es de Participantes: at\u00e9 06\/11\/2015 &#8211; Submiss\u00f5es de Trabalho (Precisa estar inscrito como Participante): at\u00e9 04\/11\/2015 &#8211; Resultado dos Trabalhos Aprovados: at\u00e9 06\/11\/2015<\/p>\n","protected":false},"author":62,"featured_media":0,"comment_status":"open","ping_status":"open","sticky":false,"template":"","format":"standard","meta":[],"categories":[4,21,34,40],"tags":[],"_links":{"self":[{"href":"https:\/\/www.ifbaiano.edu.br\/unidades\/valenca\/wp-json\/wp\/v2\/posts\/4140"}],"collection":[{"href":"https:\/\/www.ifbaiano.edu.br\/unidades\/valenca\/wp-json\/wp\/v2\/posts"}],"about":[{"href":"https:\/\/www.ifbaiano.edu.br\/unidades\/valenca\/wp-json\/wp\/v2\/types\/post"}],"author":[{"embeddable":true,"href":"https:\/\/www.ifbaiano.edu.br\/unidades\/valenca\/wp-json\/wp\/v2\/users\/62"}],"replies":[{"embeddable":true,"href":"https:\/\/www.ifbaiano.edu.br\/unidades\/valenca\/wp-json\/wp\/v2\/comments?post=4140"}],"version-history":[{"count":1,"href":"https:\/\/www.ifbaiano.edu.br\/unidades\/valenca\/wp-json\/wp\/v2\/posts\/4140\/revisions"}],"predecessor-version":[{"id":4141,"href":"https:\/\/www.ifbaiano.edu.br\/unidades\/valenca\/wp-json\/wp\/v2\/posts\/4140\/revisions\/4141"}],"wp:attachment":[{"href":"https:\/\/www.ifbaiano.edu.br\/unidades\/valenca\/wp-json\/wp\/v2\/media?parent=4140"}],"wp:term":[{"taxonomy":"category","embeddable":true,"href":"https:\/\/www.ifbaiano.edu.br\/unidades\/valenca\/wp-json\/wp\/v2\/categories?post=4140"},{"taxonomy":"post_tag","embeddable":true,"href":"https:\/\/www.ifbaiano.edu.br\/unidades\/valenca\/wp-json\/wp\/v2\/tags?post=4140"}],"curies":[{"name":"wp","href":"https:\/\/api.w.org\/{rel}","templated":true}]}}