{"id":4207,"date":"2015-11-13T13:25:23","date_gmt":"2015-11-13T13:25:23","guid":{"rendered":"http:\/\/www.ifbaiano.edu.br\/unidades\/valenca\/?p=4207"},"modified":"2015-11-23T18:13:59","modified_gmt":"2015-11-23T18:13:59","slug":"processo-de-escolha-para-o-conselho-de-administracao-conad","status":"publish","type":"post","link":"https:\/\/www.ifbaiano.edu.br\/unidades\/valenca\/2015\/11\/13\/processo-de-escolha-para-o-conselho-de-administracao-conad\/","title":{"rendered":"Processo de Escolha para o Conselho de Administra\u00e7\u00e3o (CONAD)"},"content":{"rendered":"<p align=\"justify\"><span style=\"color: #000000\"><span style=\"font-family: Arial,sans-serif\">O Grupo de Trabalho designado pela Portaria Interna n<\/span><\/span><span style=\"color: #000000\"><sup><span style=\"font-family: Arial,sans-serif\">o\u00a0<\/span><\/sup><\/span><span style=\"color: #000000\"><span style=\"font-family: Arial,sans-serif\">056<\/span><\/span><span style=\"color: #000000\"><span style=\"font-family: Arial,sans-serif\"> de <\/span><\/span><span style=\"color: #000000\"><span style=\"font-family: Arial,sans-serif\">09<\/span><\/span><span style=\"color: #000000\"><span style=\"font-family: Arial,sans-serif\"> de <\/span><\/span><span style=\"color: #000000\"><span style=\"font-family: Arial,sans-serif\">novembro<\/span><\/span><span style=\"color: #000000\"><span style=\"font-family: Arial,sans-serif\"> de 2015, torna p\u00fablicas as regras do processo de escolha dos representantes dos Docentes, T\u00e9cnico-administrativos, Discentes, Pais ou Respons\u00e1vel, Egressos e Representantes da Sociedade Civil vinculada \u00e0 Educa\u00e7\u00e3o para compor o Conselho de Administra\u00e7\u00e3o (CONAD) do IF Baiano <\/span><\/span><em><span style=\"color: #000000\"><span style=\"font-family: Arial,sans-serif\">Campus\u00a0<\/span><\/span><\/em><em><span style=\"color: #000000\"><span style=\"font-family: Arial,sans-serif\">Valen\u00e7a<\/span><\/span><\/em><span style=\"color: #000000\"><span style=\"font-family: Arial,sans-serif\">, relativo ao bi\u00eanio 2015-2017, <\/span><\/span><span style=\"color: #000000\"><span style=\"font-family: Arial,sans-serif\">conforme preceitua o Art. 86 do Regimento Geral do IF Baiano.<\/span><\/span><\/p>\n<p align=\"justify\"><span style=\"color: #000000\"><span style=\"font-family: Arial,sans-serif\">O processo eleitoral ocorrer\u00e1 para a escolha de:<\/span><\/span><\/p>\n<p align=\"justify\"><span style=\"font-family: Arial,sans-serif\">a) Representantes Docentes: 02 (dois) titulares e 01 (um) suplente;<\/span><\/p>\n<p align=\"justify\"><span style=\"font-family: Arial,sans-serif\">b) Representantes dos T\u00e9cnico-administrativos em Educa\u00e7\u00e3o: 02 (dois) titulares e 01 (um) suplente;<\/span><\/p>\n<p align=\"justify\"><span style=\"font-family: Arial,sans-serif\">c) Representantes Discentes: <\/span><span style=\"font-family: Arial,sans-serif\">0<\/span><span style=\"font-family: Arial,sans-serif\">2<\/span><span style=\"font-family: Arial,sans-serif\"> (<\/span><span style=\"font-family: Arial,sans-serif\">dois<\/span><span style=\"font-family: Arial,sans-serif\">) titular<\/span><span style=\"font-family: Arial,sans-serif\">es<\/span><span style=\"font-family: Arial,sans-serif\"> de Curso b\u00e1sico \u2013<\/span><span style=\"font-family: Arial,sans-serif\"> n\u00edvel t\u00e9cnico m\u00e9dio e 02 (dois) suplentes;<\/span><\/p>\n<p align=\"justify\"><span style=\"font-family: Arial,sans-serif\">d) Representante dos Pais ou Respons\u00e1veis dos estudantes: 01 (um) titular e 01 (um) suplente;<\/span><\/p>\n<p align=\"justify\"><span style=\"font-family: Arial,sans-serif\">e) Representante dos Egressos: 01 (um) titular e 01 (um) suplente;<\/span><\/p>\n<p align=\"justify\"><span style=\"color: #000000\"><span style=\"font-family: Arial,sans-serif\">f) Representantes da Sociedade Civil Organizada, vinculada \u00e0 Educa\u00e7\u00e3o: 02 (dois) titulares e 01 (um) suplente.<\/span><\/span><\/p>\n<p align=\"justify\"><span style=\"color: #000000\"><span style=\"font-family: Arial,sans-serif\">As inscri\u00e7\u00f5es de candidaturas para os cargos referentes aos Docentes, T\u00e9cnico-administrativos e Discentes dever\u00e3o ser realizadas no per\u00edodo de <strong>16 a 20 de novembro de 2015 at\u00e9 \u00e0s 15h<\/strong>, conforme os seguintes crit\u00e9rios:<\/span><\/span><\/p>\n<p align=\"justify\"><span style=\"color: #000000\"><span style=\"font-family: Arial,sans-serif\">a) <span style=\"text-decoration: underline\"><strong>Para todos:<\/strong><\/span> preenchimento do Formul\u00e1rio de Inscri\u00e7\u00e3o disponibilizado no site <a href=\"http:\/\/www.ifbaiano.edu.br\/unidades\/valenca\/files\/2015\/11\/EditalConad.pdf\" target=\"_blank\">http:\/\/www.ifbaiano.edu.br\/unidades\/valenca\/files\/2015\/11\/EditalConad.pdf<\/a>;<\/span><\/span><\/p>\n<p align=\"justify\"><span style=\"color: #000000\"><span style=\"font-family: Arial,sans-serif\">b) <span style=\"text-decoration: underline\"><strong>Apenas para os servidores:<\/strong><\/span> apresenta\u00e7\u00e3o da Declara\u00e7\u00e3o de V\u00ednculo e de Frequ\u00eancia regular (Anexo III), assinada pela Chefia Imediata, disponibilizada no site <a href=\"http:\/\/www.ifbaiano.edu.br\/unidades\/valenca\/files\/2015\/11\/EditalConad.pdf\" target=\"_blank\">http:\/\/www.ifbaiano.edu.br\/unidades\/valenca\/files\/2015\/11\/EditalConad.pdf<\/a>;<\/span><\/span><\/p>\n<p align=\"justify\"><span style=\"color: #000000\"><span style=\"font-family: Arial,sans-serif\">c) <span style=\"text-decoration: underline\"><strong>Apenas <\/strong><\/span><span style=\"font-family: Arial,sans-serif\"><span style=\"text-decoration: underline\"><strong>para os estudantes:<\/strong><\/span><\/span> a<span style=\"font-family: Arial,sans-serif\">presenta\u00e7\u00e3o da Declara\u00e7\u00e3o da Matr\u00edcula Ativa e Frequ\u00eancia Regular emitida pela Secretaria de Registros Acad\u00eamicos;<\/span><\/span><\/span><\/p>\n<p align=\"justify\"><span style=\"color: #000000\"><span style=\"font-family: Arial,sans-serif\">O Requerimento de Inscri\u00e7\u00e3o e a Declara\u00e7\u00e3o dever\u00e3o ser entregues na sala da Coordena\u00e7\u00e3o de Ensino do Campus Valen\u00e7a, ou digitalizados e enviados para o e-mail <a href=\"mailto:eleicoes.conad@valenca.ifbaiano.edu.br\">eleicoes.conad@valenca.ifbaiano.edu.br<\/a>, endere\u00e7ado ao Grupo de Trabalho CONAD. <\/span><\/span><\/p>\n<p align=\"justify\"><span style=\"color: #000000\"><span style=\"font-family: Arial,sans-serif\">O pleito eleitoral ocorrer\u00e1 no dia 01 de dezembro de 2015, no per\u00edodo das 8 h \u00e0s 17 h, no Audit\u00f3rio do Campus Valen\u00e7a.<\/span><\/span><\/p>\n<p align=\"justify\"><span style=\"color: #000000\"><span style=\"font-family: Arial,sans-serif\">As elei\u00e7\u00f5es para as outras categorias ser\u00e3o realizadas em assembleias, no dia 02 de dezembro de 2015, com hor\u00e1rio a ser posteriormente divulgado nesta p\u00e1gina.<\/span><\/span><\/p>\n<p align=\"justify\"><span style=\"color: #000000\"><span style=\"font-family: Arial,sans-serif\">Para maiores informa\u00e7\u00f5es, acesse o Edital <a href=\"http:\/\/www.ifbaiano.edu.br\/unidades\/valenca\/files\/2015\/11\/EditalConad.pdf\" target=\"_blank\">http:\/\/www.ifbaiano.edu.br\/unidades\/valenca\/files\/2015\/11\/EditalConad.pdf<\/a>. <\/span><\/span><\/p>\n<p align=\"justify\"><span style=\"color: #000000\"><span style=\"font-family: Arial,sans-serif\">Atenciosamente,<\/span><\/span><\/p>\n<p align=\"justify\"><span style=\"color: #000000\"><span style=\"font-family: Arial,sans-serif\">Grupo de Trabalho CONAD<\/span><\/span><\/p>\n<p align=\"justify\">Inscri\u00e7\u00f5es deferidas: <a href=\"http:\/\/www.ifbaiano.edu.br\/unidades\/valenca\/files\/2015\/11\/Inscricoes-deferidas-CONAD.pdf\">Inscri\u00e7\u00f5es deferidas CONAD<\/a><\/p>\n<p align=\"justify\">\nRecursos: <a href=\"http:\/\/www.ifbaiano.edu.br\/unidades\/valenca\/files\/2015\/11\/Recursos-CONAD.pdf\">Anexo<\/a><\/p>\n<p>&nbsp;<\/p>\n","protected":false},"excerpt":{"rendered":"<p>O Grupo de Trabalho designado pela Portaria Interna no\u00a0056 de 09 de novembro de 2015, torna p\u00fablicas as regras do processo de escolha dos representantes dos Docentes, T\u00e9cnico-administrativos, Discentes, Pais ou Respons\u00e1vel, Egressos e Representantes da Sociedade Civil vinculada \u00e0 Educa\u00e7\u00e3o para compor o Conselho de Administra\u00e7\u00e3o (CONAD) do IF Baiano Campus\u00a0Valen\u00e7a, relativo ao bi\u00eanio [&hellip;]<\/p>\n","protected":false},"author":62,"featured_media":0,"comment_status":"open","ping_status":"open","sticky":false,"template":"","format":"standard","meta":[],"categories":[4,35,9,32],"tags":[],"_links":{"self":[{"href":"https:\/\/www.ifbaiano.edu.br\/unidades\/valenca\/wp-json\/wp\/v2\/posts\/4207"}],"collection":[{"href":"https:\/\/www.ifbaiano.edu.br\/unidades\/valenca\/wp-json\/wp\/v2\/posts"}],"about":[{"href":"https:\/\/www.ifbaiano.edu.br\/unidades\/valenca\/wp-json\/wp\/v2\/types\/post"}],"author":[{"embeddable":true,"href":"https:\/\/www.ifbaiano.edu.br\/unidades\/valenca\/wp-json\/wp\/v2\/users\/62"}],"replies":[{"embeddable":true,"href":"https:\/\/www.ifbaiano.edu.br\/unidades\/valenca\/wp-json\/wp\/v2\/comments?post=4207"}],"version-history":[{"count":7,"href":"https:\/\/www.ifbaiano.edu.br\/unidades\/valenca\/wp-json\/wp\/v2\/posts\/4207\/revisions"}],"predecessor-version":[{"id":4209,"href":"https:\/\/www.ifbaiano.edu.br\/unidades\/valenca\/wp-json\/wp\/v2\/posts\/4207\/revisions\/4209"}],"wp:attachment":[{"href":"https:\/\/www.ifbaiano.edu.br\/unidades\/valenca\/wp-json\/wp\/v2\/media?parent=4207"}],"wp:term":[{"taxonomy":"category","embeddable":true,"href":"https:\/\/www.ifbaiano.edu.br\/unidades\/valenca\/wp-json\/wp\/v2\/categories?post=4207"},{"taxonomy":"post_tag","embeddable":true,"href":"https:\/\/www.ifbaiano.edu.br\/unidades\/valenca\/wp-json\/wp\/v2\/tags?post=4207"}],"curies":[{"name":"wp","href":"https:\/\/api.w.org\/{rel}","templated":true}]}}