{"id":4231,"date":"2015-12-08T11:13:42","date_gmt":"2015-12-08T11:13:42","guid":{"rendered":"http:\/\/www.ifbaiano.edu.br\/unidades\/valenca\/?p=4231"},"modified":"2015-12-08T11:13:42","modified_gmt":"2015-12-08T11:13:42","slug":"homologacao-da-assembleia-e-votacao-conad","status":"publish","type":"post","link":"https:\/\/www.ifbaiano.edu.br\/unidades\/valenca\/2015\/12\/08\/homologacao-da-assembleia-e-votacao-conad\/","title":{"rendered":"Homologa\u00e7\u00e3o da Assembleia e Vota\u00e7\u00e3o CONAD"},"content":{"rendered":"<p>Segue em anexo a homologa\u00e7\u00e3o e vota\u00e7\u00e3o do CONAD.<\/p>\n<p><a href=\"http:\/\/www.ifbaiano.edu.br\/unidades\/valenca\/files\/2015\/12\/Assembleia-homologada-CONAD.pdf\">Assembleia homologada CONAD<\/a><\/p>\n<p><a href=\"http:\/\/www.ifbaiano.edu.br\/unidades\/valenca\/files\/2015\/12\/Vota\u00e7\u00e3o-CONAD.pdf\">Vota\u00e7\u00e3o CONAD<\/a><\/p>\n<p><a href=\"http:\/\/www.ifbaiano.edu.br\/unidades\/valenca\/files\/2015\/12\/Vota\u00e7\u00e3o-homologada-CONAD.pdf\">Vota\u00e7\u00e3o homologada CONAD<\/a><\/p>\n","protected":false},"excerpt":{"rendered":"<p>Segue em anexo a homologa\u00e7\u00e3o e vota\u00e7\u00e3o do CONAD. Assembleia homologada CONAD Vota\u00e7\u00e3o CONAD Vota\u00e7\u00e3o homologada CONAD<\/p>\n","protected":false},"author":62,"featured_media":0,"comment_status":"open","ping_status":"open","sticky":false,"template":"","format":"standard","meta":[],"categories":[4],"tags":[],"_links":{"self":[{"href":"https:\/\/www.ifbaiano.edu.br\/unidades\/valenca\/wp-json\/wp\/v2\/posts\/4231"}],"collection":[{"href":"https:\/\/www.ifbaiano.edu.br\/unidades\/valenca\/wp-json\/wp\/v2\/posts"}],"about":[{"href":"https:\/\/www.ifbaiano.edu.br\/unidades\/valenca\/wp-json\/wp\/v2\/types\/post"}],"author":[{"embeddable":true,"href":"https:\/\/www.ifbaiano.edu.br\/unidades\/valenca\/wp-json\/wp\/v2\/users\/62"}],"replies":[{"embeddable":true,"href":"https:\/\/www.ifbaiano.edu.br\/unidades\/valenca\/wp-json\/wp\/v2\/comments?post=4231"}],"version-history":[{"count":1,"href":"https:\/\/www.ifbaiano.edu.br\/unidades\/valenca\/wp-json\/wp\/v2\/posts\/4231\/revisions"}],"predecessor-version":[{"id":4235,"href":"https:\/\/www.ifbaiano.edu.br\/unidades\/valenca\/wp-json\/wp\/v2\/posts\/4231\/revisions\/4235"}],"wp:attachment":[{"href":"https:\/\/www.ifbaiano.edu.br\/unidades\/valenca\/wp-json\/wp\/v2\/media?parent=4231"}],"wp:term":[{"taxonomy":"category","embeddable":true,"href":"https:\/\/www.ifbaiano.edu.br\/unidades\/valenca\/wp-json\/wp\/v2\/categories?post=4231"},{"taxonomy":"post_tag","embeddable":true,"href":"https:\/\/www.ifbaiano.edu.br\/unidades\/valenca\/wp-json\/wp\/v2\/tags?post=4231"}],"curies":[{"name":"wp","href":"https:\/\/api.w.org\/{rel}","templated":true}]}}