{"id":4257,"date":"2016-03-30T15:05:15","date_gmt":"2016-03-30T15:05:15","guid":{"rendered":"http:\/\/www.ifbaiano.edu.br\/unidades\/valenca\/?p=4257"},"modified":"2016-03-30T15:05:15","modified_gmt":"2016-03-30T15:05:15","slug":"selecao-para-tradutorinterprete-de-libras-no-campus-valenca","status":"publish","type":"post","link":"https:\/\/www.ifbaiano.edu.br\/unidades\/valenca\/2016\/03\/30\/selecao-para-tradutorinterprete-de-libras-no-campus-valenca\/","title":{"rendered":"Sele\u00e7\u00e3o para tradutor\/int\u00e9rprete de libras no campus Valen\u00e7a"},"content":{"rendered":"<p style=\"text-align: justify\">De 04 a 08 de abril,\u00a0o Instituto Federal Baiano (IF Baiano) \/\u00a0campus\u00a0Valen\u00e7a est\u00e1 com inscri\u00e7\u00f5es abertas\u00a0e gratuitas\u00a0para o processo seletivo simplificado de contrata\u00e7\u00e3o de tradutor\/int\u00e9rprete de libras, com disponibilidade de 02 (duas) vagas.\u00a0A sele\u00e7\u00e3o \u00e9 para contrato tempor\u00e1rio\u00a0de 40 horas semanais, com remunera\u00e7\u00e3o de R$ 2.175,17 (dois mil, cento e setenta e cinco reais e dezessete centavos) podendo ser acrescida de aux\u00edlios transporte, pr\u00e9-escolar e alimenta\u00e7\u00e3o.<\/p>\n<p style=\"text-align: justify\">O processo constar\u00e1 de duas etapas: prova pr\u00e1tica (eliminat\u00f3ria e classificat\u00f3ria) e avalia\u00e7\u00e3o curricular.<\/p>\n<p style=\"text-align: justify\">Mais informa\u00e7\u00f5es:<\/p>\n<p style=\"text-align: justify\"><a href=\"http:\/\/pesquisa.in.gov.br\/imprensa\/jsp\/visualiza\/index.jsp?data=30\/03\/2016&amp;jornal=3&amp;pagina=48&amp;totalArquivos=268\" target=\"_blank\">D.O.U.<\/a><br \/>\n<a href=\"http:\/\/www.ifbaiano.edu.br\/unidades\/valenca\/files\/2016\/03\/EDITAL-N-21-Processo-Seletivo-Interprete-de-libras_Valenca21.pdf\">EDITAL<\/a><\/p>\n","protected":false},"excerpt":{"rendered":"<p>De 04 a 08 de abril,\u00a0o Instituto Federal Baiano (IF Baiano) \/\u00a0campus\u00a0Valen\u00e7a est\u00e1 com inscri\u00e7\u00f5es abertas\u00a0e gratuitas\u00a0para o processo seletivo simplificado de contrata\u00e7\u00e3o de tradutor\/int\u00e9rprete de libras, com disponibilidade de 02 (duas) vagas.\u00a0A sele\u00e7\u00e3o \u00e9 para contrato tempor\u00e1rio\u00a0de 40 horas semanais, com remunera\u00e7\u00e3o de R$ 2.175,17 (dois mil, cento e setenta e cinco reais e [&hellip;]<\/p>\n","protected":false},"author":62,"featured_media":0,"comment_status":"open","ping_status":"open","sticky":false,"template":"","format":"standard","meta":[],"categories":[11,5],"tags":[],"_links":{"self":[{"href":"https:\/\/www.ifbaiano.edu.br\/unidades\/valenca\/wp-json\/wp\/v2\/posts\/4257"}],"collection":[{"href":"https:\/\/www.ifbaiano.edu.br\/unidades\/valenca\/wp-json\/wp\/v2\/posts"}],"about":[{"href":"https:\/\/www.ifbaiano.edu.br\/unidades\/valenca\/wp-json\/wp\/v2\/types\/post"}],"author":[{"embeddable":true,"href":"https:\/\/www.ifbaiano.edu.br\/unidades\/valenca\/wp-json\/wp\/v2\/users\/62"}],"replies":[{"embeddable":true,"href":"https:\/\/www.ifbaiano.edu.br\/unidades\/valenca\/wp-json\/wp\/v2\/comments?post=4257"}],"version-history":[{"count":2,"href":"https:\/\/www.ifbaiano.edu.br\/unidades\/valenca\/wp-json\/wp\/v2\/posts\/4257\/revisions"}],"predecessor-version":[{"id":4260,"href":"https:\/\/www.ifbaiano.edu.br\/unidades\/valenca\/wp-json\/wp\/v2\/posts\/4257\/revisions\/4260"}],"wp:attachment":[{"href":"https:\/\/www.ifbaiano.edu.br\/unidades\/valenca\/wp-json\/wp\/v2\/media?parent=4257"}],"wp:term":[{"taxonomy":"category","embeddable":true,"href":"https:\/\/www.ifbaiano.edu.br\/unidades\/valenca\/wp-json\/wp\/v2\/categories?post=4257"},{"taxonomy":"post_tag","embeddable":true,"href":"https:\/\/www.ifbaiano.edu.br\/unidades\/valenca\/wp-json\/wp\/v2\/tags?post=4257"}],"curies":[{"name":"wp","href":"https:\/\/api.w.org\/{rel}","templated":true}]}}