{"id":4262,"date":"2016-04-01T15:37:54","date_gmt":"2016-04-01T15:37:54","guid":{"rendered":"http:\/\/www.ifbaiano.edu.br\/unidades\/valenca\/?p=4262"},"modified":"2016-04-01T15:37:54","modified_gmt":"2016-04-01T15:37:54","slug":"divulgado-edital-de-monitoria-2016","status":"publish","type":"post","link":"https:\/\/www.ifbaiano.edu.br\/unidades\/valenca\/2016\/04\/01\/divulgado-edital-de-monitoria-2016\/","title":{"rendered":"Divulgado Edital de Monitoria 2016"},"content":{"rendered":"<p style=\"text-align: justify\">O Diretor do Instituto Federal de Educa\u00e7\u00e3o, Ci\u00eancia e Tecnologia Baiano \u2013 IFBAIANO &#8211; \u00a0Campus Valen\u00e7a, no uso das suas atribui\u00e7\u00f5es que lhe confere a portaria n\u00ba 335 de 18 de mar\u00e7o de 2014,\u00a0 publicada no DOU de 19 de mar\u00e7o de 2014 combinado com o que disp\u00f5e a lei 8.112\/90, torna p\u00fablico o presente edital que estabelece as normas e crit\u00e9rios para sele\u00e7\u00e3o de estudantes da Educa\u00e7\u00e3o Profissional e T\u00e9cnica de N\u00edvel M\u00e9dio, no Programa de Monitoria Remunerada do IF Baiano Campus Valen\u00e7a, \u00a0do ano letivo de 2016.<\/p>\n<p style=\"text-align: justify\"><a href=\"http:\/\/www.ifbaiano.edu.br\/unidades\/valenca\/files\/2016\/04\/EDITAL-MONITORIA-2016.pdf\">EDITAL<\/a><\/p>\n","protected":false},"excerpt":{"rendered":"<p>O Diretor do Instituto Federal de Educa\u00e7\u00e3o, Ci\u00eancia e Tecnologia Baiano \u2013 IFBAIANO &#8211; \u00a0Campus Valen\u00e7a, no uso das suas atribui\u00e7\u00f5es que lhe confere a portaria n\u00ba 335 de 18 de mar\u00e7o de 2014,\u00a0 publicada no DOU de 19 de mar\u00e7o de 2014 combinado com o que disp\u00f5e a lei 8.112\/90, torna p\u00fablico o presente [&hellip;]<\/p>\n","protected":false},"author":62,"featured_media":0,"comment_status":"open","ping_status":"open","sticky":false,"template":"","format":"standard","meta":[],"categories":[9,32],"tags":[],"_links":{"self":[{"href":"https:\/\/www.ifbaiano.edu.br\/unidades\/valenca\/wp-json\/wp\/v2\/posts\/4262"}],"collection":[{"href":"https:\/\/www.ifbaiano.edu.br\/unidades\/valenca\/wp-json\/wp\/v2\/posts"}],"about":[{"href":"https:\/\/www.ifbaiano.edu.br\/unidades\/valenca\/wp-json\/wp\/v2\/types\/post"}],"author":[{"embeddable":true,"href":"https:\/\/www.ifbaiano.edu.br\/unidades\/valenca\/wp-json\/wp\/v2\/users\/62"}],"replies":[{"embeddable":true,"href":"https:\/\/www.ifbaiano.edu.br\/unidades\/valenca\/wp-json\/wp\/v2\/comments?post=4262"}],"version-history":[{"count":2,"href":"https:\/\/www.ifbaiano.edu.br\/unidades\/valenca\/wp-json\/wp\/v2\/posts\/4262\/revisions"}],"predecessor-version":[{"id":4265,"href":"https:\/\/www.ifbaiano.edu.br\/unidades\/valenca\/wp-json\/wp\/v2\/posts\/4262\/revisions\/4265"}],"wp:attachment":[{"href":"https:\/\/www.ifbaiano.edu.br\/unidades\/valenca\/wp-json\/wp\/v2\/media?parent=4262"}],"wp:term":[{"taxonomy":"category","embeddable":true,"href":"https:\/\/www.ifbaiano.edu.br\/unidades\/valenca\/wp-json\/wp\/v2\/categories?post=4262"},{"taxonomy":"post_tag","embeddable":true,"href":"https:\/\/www.ifbaiano.edu.br\/unidades\/valenca\/wp-json\/wp\/v2\/tags?post=4262"}],"curies":[{"name":"wp","href":"https:\/\/api.w.org\/{rel}","templated":true}]}}