{"id":4266,"date":"2016-04-08T21:57:35","date_gmt":"2016-04-08T21:57:35","guid":{"rendered":"http:\/\/www.ifbaiano.edu.br\/unidades\/valenca\/?p=4266"},"modified":"2016-04-08T21:57:35","modified_gmt":"2016-04-08T21:57:35","slug":"processo-seletivo-simplificado-para-contratacao-temporaria-de-profissionais-tradutoresinterpretes-da-lingua-brasileira-de-sinais-libras-inscricoes-homologadas","status":"publish","type":"post","link":"https:\/\/www.ifbaiano.edu.br\/unidades\/valenca\/2016\/04\/08\/processo-seletivo-simplificado-para-contratacao-temporaria-de-profissionais-tradutoresinterpretes-da-lingua-brasileira-de-sinais-libras-inscricoes-homologadas\/","title":{"rendered":"PROCESSO SELETIVO SIMPLIFICADO PARA CONTRATA\u00c7\u00c3O TEMPOR\u00c1RIA DE  PROFISSIONAIS TRADUTORES\/INT\u00c9RPRETES DA L\u00cdNGUA BRASILEIRA DE  SINAIS  &#8211; LIBRAS &#8211; INSCRI\u00c7\u00d5ES  HOMOLOGADAS"},"content":{"rendered":"<p>Segue em anexo inscri\u00e7\u00f5es homologadas.<\/p>\n<p><a href=\"http:\/\/www.ifbaiano.edu.br\/unidades\/valenca\/files\/2016\/04\/Homologacao-das-Inscricoes-Interprete.pdf\">Homologa\u00e7\u00e3o das Inscri\u00e7\u00f5es &#8211; Interprete<\/a><\/p>\n","protected":false},"excerpt":{"rendered":"<p>Segue em anexo inscri\u00e7\u00f5es homologadas. Homologa\u00e7\u00e3o das Inscri\u00e7\u00f5es &#8211; Interprete<\/p>\n","protected":false},"author":62,"featured_media":0,"comment_status":"open","ping_status":"open","sticky":false,"template":"","format":"standard","meta":[],"categories":[4,11,5],"tags":[],"_links":{"self":[{"href":"https:\/\/www.ifbaiano.edu.br\/unidades\/valenca\/wp-json\/wp\/v2\/posts\/4266"}],"collection":[{"href":"https:\/\/www.ifbaiano.edu.br\/unidades\/valenca\/wp-json\/wp\/v2\/posts"}],"about":[{"href":"https:\/\/www.ifbaiano.edu.br\/unidades\/valenca\/wp-json\/wp\/v2\/types\/post"}],"author":[{"embeddable":true,"href":"https:\/\/www.ifbaiano.edu.br\/unidades\/valenca\/wp-json\/wp\/v2\/users\/62"}],"replies":[{"embeddable":true,"href":"https:\/\/www.ifbaiano.edu.br\/unidades\/valenca\/wp-json\/wp\/v2\/comments?post=4266"}],"version-history":[{"count":1,"href":"https:\/\/www.ifbaiano.edu.br\/unidades\/valenca\/wp-json\/wp\/v2\/posts\/4266\/revisions"}],"predecessor-version":[{"id":4268,"href":"https:\/\/www.ifbaiano.edu.br\/unidades\/valenca\/wp-json\/wp\/v2\/posts\/4266\/revisions\/4268"}],"wp:attachment":[{"href":"https:\/\/www.ifbaiano.edu.br\/unidades\/valenca\/wp-json\/wp\/v2\/media?parent=4266"}],"wp:term":[{"taxonomy":"category","embeddable":true,"href":"https:\/\/www.ifbaiano.edu.br\/unidades\/valenca\/wp-json\/wp\/v2\/categories?post=4266"},{"taxonomy":"post_tag","embeddable":true,"href":"https:\/\/www.ifbaiano.edu.br\/unidades\/valenca\/wp-json\/wp\/v2\/tags?post=4266"}],"curies":[{"name":"wp","href":"https:\/\/api.w.org\/{rel}","templated":true}]}}