{"id":4270,"date":"2016-04-11T17:22:37","date_gmt":"2016-04-11T17:22:37","guid":{"rendered":"http:\/\/www.ifbaiano.edu.br\/unidades\/valenca\/?p=4270"},"modified":"2016-04-11T17:22:37","modified_gmt":"2016-04-11T17:22:37","slug":"divulgado-horario-e-local-de-prova-didatica-edital-n%c2%ba-21-de-17-de-marco-de-2016","status":"publish","type":"post","link":"https:\/\/www.ifbaiano.edu.br\/unidades\/valenca\/2016\/04\/11\/divulgado-horario-e-local-de-prova-didatica-edital-n%c2%ba-21-de-17-de-marco-de-2016\/","title":{"rendered":"Divulgado hor\u00e1rio e local de prova did\u00e1tica &#8211; EDITAL N\u00ba 21, DE 17 DE MAR\u00c7O DE 2016"},"content":{"rendered":"<p>A Comiss\u00e3o de Sele\u00e7\u00e3o para\u00a0contrata\u00e7\u00e3o, por tempo determinado, de TRADUTOR\/INT\u00c9RPRETE DA L\u00cdNGUA BRASILEIRA DE SINAIS &#8211; LIBRAS,\u00a0do Instituto Federal Baiano <em>campus<\/em> Valen\u00e7a, torna p\u00fablico os hor\u00e1rios da prova did\u00e1tica do processo seletivo.<\/p>\n<p><a href=\"http:\/\/www.ifbaiano.edu.br\/unidades\/valenca\/files\/2016\/04\/Selecao-interprete-hora-e-local.pdf\">hora e local<\/a><\/p>\n","protected":false},"excerpt":{"rendered":"<p>A Comiss\u00e3o de Sele\u00e7\u00e3o para\u00a0contrata\u00e7\u00e3o, por tempo determinado, de TRADUTOR\/INT\u00c9RPRETE DA L\u00cdNGUA BRASILEIRA DE SINAIS &#8211; LIBRAS,\u00a0do Instituto Federal Baiano campus Valen\u00e7a, torna p\u00fablico os hor\u00e1rios da prova did\u00e1tica do processo seletivo. hora e local<\/p>\n","protected":false},"author":62,"featured_media":0,"comment_status":"open","ping_status":"open","sticky":false,"template":"","format":"standard","meta":[],"categories":[4,11,5,9],"tags":[],"_links":{"self":[{"href":"https:\/\/www.ifbaiano.edu.br\/unidades\/valenca\/wp-json\/wp\/v2\/posts\/4270"}],"collection":[{"href":"https:\/\/www.ifbaiano.edu.br\/unidades\/valenca\/wp-json\/wp\/v2\/posts"}],"about":[{"href":"https:\/\/www.ifbaiano.edu.br\/unidades\/valenca\/wp-json\/wp\/v2\/types\/post"}],"author":[{"embeddable":true,"href":"https:\/\/www.ifbaiano.edu.br\/unidades\/valenca\/wp-json\/wp\/v2\/users\/62"}],"replies":[{"embeddable":true,"href":"https:\/\/www.ifbaiano.edu.br\/unidades\/valenca\/wp-json\/wp\/v2\/comments?post=4270"}],"version-history":[{"count":1,"href":"https:\/\/www.ifbaiano.edu.br\/unidades\/valenca\/wp-json\/wp\/v2\/posts\/4270\/revisions"}],"predecessor-version":[{"id":4272,"href":"https:\/\/www.ifbaiano.edu.br\/unidades\/valenca\/wp-json\/wp\/v2\/posts\/4270\/revisions\/4272"}],"wp:attachment":[{"href":"https:\/\/www.ifbaiano.edu.br\/unidades\/valenca\/wp-json\/wp\/v2\/media?parent=4270"}],"wp:term":[{"taxonomy":"category","embeddable":true,"href":"https:\/\/www.ifbaiano.edu.br\/unidades\/valenca\/wp-json\/wp\/v2\/categories?post=4270"},{"taxonomy":"post_tag","embeddable":true,"href":"https:\/\/www.ifbaiano.edu.br\/unidades\/valenca\/wp-json\/wp\/v2\/tags?post=4270"}],"curies":[{"name":"wp","href":"https:\/\/api.w.org\/{rel}","templated":true}]}}