{"id":4273,"date":"2016-04-14T12:13:32","date_gmt":"2016-04-14T12:13:32","guid":{"rendered":"http:\/\/www.ifbaiano.edu.br\/unidades\/valenca\/?p=4273"},"modified":"2016-04-28T10:05:29","modified_gmt":"2016-04-28T10:05:29","slug":"semana-de-meio-ambiente","status":"publish","type":"post","link":"https:\/\/www.ifbaiano.edu.br\/unidades\/valenca\/2016\/04\/14\/semana-de-meio-ambiente\/","title":{"rendered":"Semana de Meio Ambiente"},"content":{"rendered":"<p style=\"text-align: justify\"><a href=\"http:\/\/www.ifbaiano.edu.br\/unidades\/valenca\/files\/2016\/04\/Cartaz-1.jpg\"><img decoding=\"async\" loading=\"lazy\" class=\"size-full wp-image-4379 alignleft\" src=\"http:\/\/www.ifbaiano.edu.br\/unidades\/valenca\/files\/2016\/04\/Cartaz-1.jpg\" alt=\"\" width=\"438\" height=\"425\" \/><\/a>A VI Semana de Meio Ambiente ocorrer\u00e1 nos dias 31 de maio de 2016 e 01 de Junho de 2016 a primeira semana do meio ambiente. As inscri\u00e7\u00f5es est\u00e3o abertas de 11 de Abril a 20 de Maio<\/p>\n<p style=\"text-align: justify\">Cronograma detalhado <a href=\"http:\/\/www.ifbaiano.edu.br\/unidades\/valenca\/files\/2016\/04\/PROGRAMACAOSEMA2-2016.pdf\">aqui<\/a>.<\/p>\n<p style=\"text-align: justify\">Link do evento: <a href=\"http:\/\/www.even3.com.br\/semaif\" target=\"_blank\">Clique Aqui<\/a><\/p>\n","protected":false},"excerpt":{"rendered":"<p>A VI Semana de Meio Ambiente ocorrer\u00e1 nos dias 31 de maio de 2016 e 01 de Junho de 2016 a primeira semana do meio ambiente. As inscri\u00e7\u00f5es est\u00e3o abertas de 11 de Abril a 20 de Maio Cronograma detalhado aqui. Link do evento: Clique Aqui<\/p>\n","protected":false},"author":62,"featured_media":0,"comment_status":"open","ping_status":"open","sticky":false,"template":"","format":"standard","meta":[],"categories":[4,21,36],"tags":[],"_links":{"self":[{"href":"https:\/\/www.ifbaiano.edu.br\/unidades\/valenca\/wp-json\/wp\/v2\/posts\/4273"}],"collection":[{"href":"https:\/\/www.ifbaiano.edu.br\/unidades\/valenca\/wp-json\/wp\/v2\/posts"}],"about":[{"href":"https:\/\/www.ifbaiano.edu.br\/unidades\/valenca\/wp-json\/wp\/v2\/types\/post"}],"author":[{"embeddable":true,"href":"https:\/\/www.ifbaiano.edu.br\/unidades\/valenca\/wp-json\/wp\/v2\/users\/62"}],"replies":[{"embeddable":true,"href":"https:\/\/www.ifbaiano.edu.br\/unidades\/valenca\/wp-json\/wp\/v2\/comments?post=4273"}],"version-history":[{"count":9,"href":"https:\/\/www.ifbaiano.edu.br\/unidades\/valenca\/wp-json\/wp\/v2\/posts\/4273\/revisions"}],"predecessor-version":[{"id":4277,"href":"https:\/\/www.ifbaiano.edu.br\/unidades\/valenca\/wp-json\/wp\/v2\/posts\/4273\/revisions\/4277"}],"wp:attachment":[{"href":"https:\/\/www.ifbaiano.edu.br\/unidades\/valenca\/wp-json\/wp\/v2\/media?parent=4273"}],"wp:term":[{"taxonomy":"category","embeddable":true,"href":"https:\/\/www.ifbaiano.edu.br\/unidades\/valenca\/wp-json\/wp\/v2\/categories?post=4273"},{"taxonomy":"post_tag","embeddable":true,"href":"https:\/\/www.ifbaiano.edu.br\/unidades\/valenca\/wp-json\/wp\/v2\/tags?post=4273"}],"curies":[{"name":"wp","href":"https:\/\/api.w.org\/{rel}","templated":true}]}}