{"id":4343,"date":"2016-04-20T08:58:36","date_gmt":"2016-04-20T08:58:36","guid":{"rendered":"http:\/\/www.ifbaiano.edu.br\/unidades\/valenca\/?p=4343"},"modified":"2016-04-20T08:58:36","modified_gmt":"2016-04-20T08:58:36","slug":"divulgado-resultado-final-da-selecao-para-tradutorinterprete-de-libras-edital-n%c2%ba-21-de-17-de-marco-de-2016","status":"publish","type":"post","link":"https:\/\/www.ifbaiano.edu.br\/unidades\/valenca\/2016\/04\/20\/divulgado-resultado-final-da-selecao-para-tradutorinterprete-de-libras-edital-n%c2%ba-21-de-17-de-marco-de-2016\/","title":{"rendered":"Divulgado Resultado Final da Sele\u00e7\u00e3o para Tradutor\/Int\u00e9rprete de LIBRAS &#8211; EDITAL N\u00ba 21, DE 17 DE MAR\u00c7O DE 2016"},"content":{"rendered":"<p>A Comiss\u00e3o de Sele\u00e7\u00e3o para contrata\u00e7\u00e3o, por tempo determinado, de TRADUTOR\/INT\u00c9RPRETE DA L\u00cdNGUA BRASILEIRA DE SINAIS &#8211; LIBRAS, do Instituto Federal Baiano campus Valen\u00e7a, torna p\u00fablico o resultado final do processo seletivo.<\/p>\n<p>&nbsp;<\/p>\n<p><a href=\"http:\/\/www.ifbaiano.edu.br\/unidades\/valenca\/files\/2016\/04\/Selecao-Interprete-RESULTADO-FINAL.pdf\">RESULTADO FINAL<\/a><\/p>\n","protected":false},"excerpt":{"rendered":"<p>A Comiss\u00e3o de Sele\u00e7\u00e3o para contrata\u00e7\u00e3o, por tempo determinado, de TRADUTOR\/INT\u00c9RPRETE DA L\u00cdNGUA BRASILEIRA DE SINAIS &#8211; LIBRAS, do Instituto Federal Baiano campus Valen\u00e7a, torna p\u00fablico o resultado final do processo seletivo. &nbsp; RESULTADO FINAL<\/p>\n","protected":false},"author":62,"featured_media":0,"comment_status":"open","ping_status":"open","sticky":false,"template":"","format":"standard","meta":[],"categories":[11,5,9],"tags":[],"_links":{"self":[{"href":"https:\/\/www.ifbaiano.edu.br\/unidades\/valenca\/wp-json\/wp\/v2\/posts\/4343"}],"collection":[{"href":"https:\/\/www.ifbaiano.edu.br\/unidades\/valenca\/wp-json\/wp\/v2\/posts"}],"about":[{"href":"https:\/\/www.ifbaiano.edu.br\/unidades\/valenca\/wp-json\/wp\/v2\/types\/post"}],"author":[{"embeddable":true,"href":"https:\/\/www.ifbaiano.edu.br\/unidades\/valenca\/wp-json\/wp\/v2\/users\/62"}],"replies":[{"embeddable":true,"href":"https:\/\/www.ifbaiano.edu.br\/unidades\/valenca\/wp-json\/wp\/v2\/comments?post=4343"}],"version-history":[{"count":1,"href":"https:\/\/www.ifbaiano.edu.br\/unidades\/valenca\/wp-json\/wp\/v2\/posts\/4343\/revisions"}],"predecessor-version":[{"id":4345,"href":"https:\/\/www.ifbaiano.edu.br\/unidades\/valenca\/wp-json\/wp\/v2\/posts\/4343\/revisions\/4345"}],"wp:attachment":[{"href":"https:\/\/www.ifbaiano.edu.br\/unidades\/valenca\/wp-json\/wp\/v2\/media?parent=4343"}],"wp:term":[{"taxonomy":"category","embeddable":true,"href":"https:\/\/www.ifbaiano.edu.br\/unidades\/valenca\/wp-json\/wp\/v2\/categories?post=4343"},{"taxonomy":"post_tag","embeddable":true,"href":"https:\/\/www.ifbaiano.edu.br\/unidades\/valenca\/wp-json\/wp\/v2\/tags?post=4343"}],"curies":[{"name":"wp","href":"https:\/\/api.w.org\/{rel}","templated":true}]}}