{"id":4387,"date":"2016-05-04T09:50:28","date_gmt":"2016-05-04T09:50:28","guid":{"rendered":"http:\/\/www.ifbaiano.edu.br\/unidades\/valenca\/?p=4387"},"modified":"2016-05-04T12:22:03","modified_gmt":"2016-05-04T12:22:03","slug":"re-eleicao-conad","status":"publish","type":"post","link":"https:\/\/www.ifbaiano.edu.br\/unidades\/valenca\/2016\/05\/04\/re-eleicao-conad\/","title":{"rendered":"Re Elei\u00e7\u00e3o CONAD"},"content":{"rendered":"<p style=\"text-align: left\">O Grupo de Trabalho designado pela Portaria Interna n<sup>o\u00a0<\/sup>019 de 26 de abril de 2016, torna p\u00fablicas as regras do processo de escolha dos representantes dos Docentes, T\u00e9cnico-administrativos, Discentes, Pais ou Respons\u00e1vel, Egressos e Representantes da Sociedade Civil vinculada \u00e0 Educa\u00e7\u00e3o para compor o Conselho de Administra\u00e7\u00e3o (CONAD) do IF Baiano <em>Campus\u00a0Valen\u00e7a<\/em>, relativo ao bi\u00eanio 2016-2018, conforme preceitua o Art. 86 do Regimento Geral do IF Baiano.<\/p>\n<p style=\"text-align: left\">O processo eleitoral ocorrer\u00e1 para a escolha das seguintes vagas:<\/p>\n<p style=\"text-align: left\">a) Representantes Docentes: 01 (um) titular;(considerando que um titular j\u00e1 foi escolhido em processo anterior) e 01(um) suplente;<\/p>\n<p style=\"text-align: left\">b) Representantes dos T\u00e9cnico-administrativos em Educa\u00e7\u00e3o: 02 (dois) titulares e 01 (um) suplente;<\/p>\n<p style=\"text-align: left\">c) Representantes Discentes: 01 (um) titular de Curso b\u00e1sico \u2013 n\u00edvel t\u00e9cnico m\u00e9dio e 02 (dois) suplentes;<\/p>\n<p style=\"text-align: left\">d) Representante dos Pais ou Respons\u00e1veis dos estudantes: 01 (um) titular e 01 (um) suplente;<\/p>\n<p style=\"text-align: left\">e) Representante dos Egressos: 01 (um) titular e 01 (um) suplente;<\/p>\n<p style=\"text-align: left\">f) Representantes da Sociedade Civil Organizada, vinculada \u00e0 Educa\u00e7\u00e3o: 02 (dois) titulares e 01 (um) suplente.<\/p>\n<p style=\"text-align: left\">As inscri\u00e7\u00f5es de candidaturas para os cargos referentes aos Docentes, T\u00e9cnico-administrativos e Discentes dever\u00e3o ser realizadas no per\u00edodo de<strong> 05 a 12 Maio de 2016 at\u00e9 \u00e0s 15h<\/strong>, conforme os seguintes crit\u00e9rios:<\/p>\n<p>a) <strong><span style=\"text-decoration: underline\">Para todos:<\/span><\/strong> preenchimento do Formul\u00e1rio de Inscri\u00e7\u00e3o disponibilizado no site <a href=\"http:\/\/www.ifbaiano.edu.br\/unidades\/valenca\/files\/2016\/05\/Anexo-III-EDITAL-RE-ELEICAO-CONAD-1.pdf\">Anexo III &#8211; Formul\u00e1rio de Inscri\u00e7\u00e3o<\/a>;<\/p>\n<p style=\"text-align: left\">b) <strong><span style=\"text-decoration: underline\">Apenas para os servidores:<\/span><\/strong> apresenta\u00e7\u00e3o da Declara\u00e7\u00e3o de V\u00ednculo e de Frequ\u00eancia regular (Anexo III), assinada pela Chefia Imediata, disponibilizada no site <a href=\"http:\/\/www.ifbaiano.edu.br\/unidades\/valenca\/files\/2016\/05\/EDITAL-RE-ELEICAO-CONAD-1.pdf\">http:\/\/www.ifbaiano.edu.br\/unidades\/valenca\/files\/2016\/05\/EDITAL-RE-ELEICAO-CONAD-1.pdf<\/a>;<\/p>\n<p style=\"text-align: left\">c) <strong><span style=\"text-decoration: underline\">Apenas para os estudantes:<\/span><\/strong> apresenta\u00e7\u00e3o da Declara\u00e7\u00e3o da Matr\u00edcula Ativa e Frequ\u00eancia Regular emitida pela Secretaria de Registros Acad\u00eamicos;<\/p>\n<p style=\"text-align: left\">O Requerimento de Inscri\u00e7\u00e3o e a Declara\u00e7\u00e3o dever\u00e3o ser entregues na sala da Coordena\u00e7\u00e3o de Ensino do Campus Valen\u00e7a, ou digitalizados e enviados para o e-mail <a href=\"mailto:eleicoes.conad@valenca.ifbaiano.edu.br\">eleicoes.conad@valenca.ifbaiano.edu.br<\/a>, endere\u00e7ado ao Grupo de Trabalho CONAD.<\/p>\n<p style=\"text-align: left\">O <strong>pleito eleitoral ocorrer\u00e1 no dia 31 de maio de 2016<\/strong>, no per\u00edodo d\u00e0s 9h \u00e0s 16h e d\u00e0s 18h \u00e0s 21h, no Audit\u00f3rio do Campus Valen\u00e7a.<\/p>\n<p style=\"text-align: left\"><strong>As elei\u00e7\u00f5es para as outras categorias ser\u00e3o realizadas em assembleias,<\/strong> seguindo os crit\u00e9rios:<\/p>\n<p style=\"text-align: left\">1. Assembleia de Pais ou Representantes dia 07 de Junho de 2016, a partir das \u00a09:00h \u00e0s 10:00h<\/p>\n<p style=\"text-align: left\">2. Assembleia do Representante da Sociedade Civil Organizada ligada \u00e0 Educa\u00e7\u00e3o dia 07 de Junho de 2016, a partir das\u00a0 10:00h \u00e0s 11:00h<\/p>\n<p style=\"text-align: left\">3. Assembleia do Representante dos Egressos dia 07 de Junho de 2016, a partir das\u00a0 11:00h \u00e0s 12:00h<\/p>\n<p style=\"text-align: left\"><a href=\"http:\/\/www.ifbaiano.edu.br\/unidades\/valenca\/files\/2016\/05\/EDITAL-RE-ELEICAO-CONAD-1.pdf\" target=\"_blank\">http:\/\/www.ifbaiano.edu.br\/unidades\/valenca\/files\/2016\/05\/EDITAL-RE-ELEICAO-CONAD-1.pdf.<\/a><\/p>\n<p style=\"text-align: left\">Atenciosamente,<\/p>\n<p style=\"text-align: left\">Grupo de Trabalho CONAD<\/p>\n","protected":false},"excerpt":{"rendered":"<p>O Grupo de Trabalho designado pela Portaria Interna no\u00a0019 de 26 de abril de 2016, torna p\u00fablicas as regras do processo de escolha dos representantes dos Docentes, T\u00e9cnico-administrativos, Discentes, Pais ou Respons\u00e1vel, Egressos e Representantes da Sociedade Civil vinculada \u00e0 Educa\u00e7\u00e3o para compor o Conselho de Administra\u00e7\u00e3o (CONAD) do IF Baiano Campus\u00a0Valen\u00e7a, relativo ao bi\u00eanio [&hellip;]<\/p>\n","protected":false},"author":62,"featured_media":0,"comment_status":"open","ping_status":"open","sticky":false,"template":"","format":"standard","meta":[],"categories":[5],"tags":[],"_links":{"self":[{"href":"https:\/\/www.ifbaiano.edu.br\/unidades\/valenca\/wp-json\/wp\/v2\/posts\/4387"}],"collection":[{"href":"https:\/\/www.ifbaiano.edu.br\/unidades\/valenca\/wp-json\/wp\/v2\/posts"}],"about":[{"href":"https:\/\/www.ifbaiano.edu.br\/unidades\/valenca\/wp-json\/wp\/v2\/types\/post"}],"author":[{"embeddable":true,"href":"https:\/\/www.ifbaiano.edu.br\/unidades\/valenca\/wp-json\/wp\/v2\/users\/62"}],"replies":[{"embeddable":true,"href":"https:\/\/www.ifbaiano.edu.br\/unidades\/valenca\/wp-json\/wp\/v2\/comments?post=4387"}],"version-history":[{"count":2,"href":"https:\/\/www.ifbaiano.edu.br\/unidades\/valenca\/wp-json\/wp\/v2\/posts\/4387\/revisions"}],"predecessor-version":[{"id":4398,"href":"https:\/\/www.ifbaiano.edu.br\/unidades\/valenca\/wp-json\/wp\/v2\/posts\/4387\/revisions\/4398"}],"wp:attachment":[{"href":"https:\/\/www.ifbaiano.edu.br\/unidades\/valenca\/wp-json\/wp\/v2\/media?parent=4387"}],"wp:term":[{"taxonomy":"category","embeddable":true,"href":"https:\/\/www.ifbaiano.edu.br\/unidades\/valenca\/wp-json\/wp\/v2\/categories?post=4387"},{"taxonomy":"post_tag","embeddable":true,"href":"https:\/\/www.ifbaiano.edu.br\/unidades\/valenca\/wp-json\/wp\/v2\/tags?post=4387"}],"curies":[{"name":"wp","href":"https:\/\/api.w.org\/{rel}","templated":true}]}}