{"id":4399,"date":"2016-05-12T11:32:24","date_gmt":"2016-05-12T11:32:24","guid":{"rendered":"http:\/\/www.ifbaiano.edu.br\/unidades\/valenca\/?p=4399"},"modified":"2016-05-12T13:35:41","modified_gmt":"2016-05-12T13:35:41","slug":"combate-a-zica","status":"publish","type":"post","link":"https:\/\/www.ifbaiano.edu.br\/unidades\/valenca\/2016\/05\/12\/combate-a-zica\/","title":{"rendered":"Combate \u00e0 Zica"},"content":{"rendered":"<p>O <em>Campus<\/em> Valen\u00e7a com a\u00e7\u00f5es vinculadas ao programa Zika Zero \u00a0vem desenvolvendo v\u00e1rias atividades de combate \u00e0 prolifera\u00e7\u00e3o do mosquito <em>Aedes aegypti<\/em> e conscientiza\u00e7\u00e3o da comunidade escolar e da popula\u00e7\u00e3o em geral.<\/p>\n<p>Al\u00e9m de a\u00e7\u00f5es desenvolvidas no pr\u00f3prio <em>Campus<\/em>, atrav\u00e9s da realiza\u00e7\u00e3o de palestras para estudantes e servidores, com especial aten\u00e7\u00e3o para o pessoal de servi\u00e7os gerais, respons\u00e1veis pela limpeza do referido <em>Campus<\/em>, s\u00e3o realizadas tamb\u00e9m interven\u00e7\u00f5es em bairros da cidade, levando \u00e0 popula\u00e7\u00e3o, informa\u00e7\u00f5es importantes \u00e0 respeito da prolifera\u00e7\u00e3o do mosquito transmissor, do cont\u00e1gio, dos m\u00e9todos de transmiss\u00e3o e da prote\u00e7\u00e3o contra a infec\u00e7\u00e3o pela dengue, zika e chykungunia.<\/p>\n<p>A comiss\u00e3o de combate ao mosquito <em>Aedes aegypti<\/em> do <em>Campus<\/em>, em permanente vigil\u00e2ncia, planeja ainda uma s\u00e9rie de atividades a serem desenvolvidas externamente \u00e0 institui\u00e7\u00e3o, com o intuito de cada vez mais informar \u00e0 popula\u00e7\u00e3o sobre os riscos da prolifera\u00e7\u00e3o do mosquito <em>Aedes aegypti<\/em>. Agindo dessa forma estaremos contribuindo para a diminui\u00e7\u00e3o do n\u00famero de casos da tr\u00edplice epidemia que assola o pa\u00eds.<\/p>\n\n\t\t<style type=\"text\/css\">\n\t\t\t#gallery-1 {\n\t\t\t\tmargin: auto;\n\t\t\t}\n\t\t\t#gallery-1 .gallery-item {\n\t\t\t\tfloat: left;\n\t\t\t\tmargin-top: 10px;\n\t\t\t\ttext-align: center;\n\t\t\t\twidth: 33%;\n\t\t\t}\n\t\t\t#gallery-1 img {\n\t\t\t\tborder: 2px solid #cfcfcf;\n\t\t\t}\n\t\t\t#gallery-1 .gallery-caption {\n\t\t\t\tmargin-left: 0;\n\t\t\t}\n\t\t\t\/* see gallery_shortcode() in wp-includes\/media.php *\/\n\t\t<\/style>\n\t\t<div id='gallery-1' class='gallery galleryid-4399 gallery-columns-3 gallery-size-thumbnail'><dl class='gallery-item'>\n\t\t\t<dt class='gallery-icon landscape'>\n\t\t\t\t<a href='https:\/\/www.ifbaiano.edu.br\/unidades\/valenca\/files\/2016\/05\/1a-11.jpg'><img width=\"150\" height=\"90\" src=\"https:\/\/www.ifbaiano.edu.br\/unidades\/valenca\/files\/2016\/05\/1a-11.jpg\" class=\"attachment-thumbnail size-thumbnail\" alt=\"\" decoding=\"async\" loading=\"lazy\" \/><\/a>\n\t\t\t<\/dt><\/dl><dl class='gallery-item'>\n\t\t\t<dt class='gallery-icon landscape'>\n\t\t\t\t<a href='https:\/\/www.ifbaiano.edu.br\/unidades\/valenca\/files\/2016\/05\/1a-21.jpg'><img width=\"150\" height=\"90\" src=\"https:\/\/www.ifbaiano.edu.br\/unidades\/valenca\/files\/2016\/05\/1a-21.jpg\" class=\"attachment-thumbnail size-thumbnail\" alt=\"\" decoding=\"async\" loading=\"lazy\" \/><\/a>\n\t\t\t<\/dt><\/dl><dl class='gallery-item'>\n\t\t\t<dt class='gallery-icon landscape'>\n\t\t\t\t<a href='https:\/\/www.ifbaiano.edu.br\/unidades\/valenca\/files\/2016\/05\/1a-31.jpg'><img width=\"150\" height=\"90\" src=\"https:\/\/www.ifbaiano.edu.br\/unidades\/valenca\/files\/2016\/05\/1a-31.jpg\" class=\"attachment-thumbnail size-thumbnail\" alt=\"\" decoding=\"async\" loading=\"lazy\" \/><\/a>\n\t\t\t<\/dt><\/dl><br style=\"clear: both\" \/><dl class='gallery-item'>\n\t\t\t<dt class='gallery-icon landscape'>\n\t\t\t\t<a href='https:\/\/www.ifbaiano.edu.br\/unidades\/valenca\/files\/2016\/05\/1a-41.jpg'><img width=\"150\" height=\"84\" src=\"https:\/\/www.ifbaiano.edu.br\/unidades\/valenca\/files\/2016\/05\/1a-41.jpg\" class=\"attachment-thumbnail size-thumbnail\" alt=\"\" decoding=\"async\" loading=\"lazy\" \/><\/a>\n\t\t\t<\/dt><\/dl><dl class='gallery-item'>\n\t\t\t<dt class='gallery-icon landscape'>\n\t\t\t\t<a href='https:\/\/www.ifbaiano.edu.br\/unidades\/valenca\/files\/2016\/05\/1a-51.jpg'><img width=\"150\" height=\"113\" src=\"https:\/\/www.ifbaiano.edu.br\/unidades\/valenca\/files\/2016\/05\/1a-51.jpg\" class=\"attachment-thumbnail size-thumbnail\" alt=\"\" decoding=\"async\" loading=\"lazy\" \/><\/a>\n\t\t\t<\/dt><\/dl><dl class='gallery-item'>\n\t\t\t<dt class='gallery-icon landscape'>\n\t\t\t\t<a href='https:\/\/www.ifbaiano.edu.br\/unidades\/valenca\/files\/2016\/05\/1a-61.jpg'><img width=\"150\" height=\"84\" src=\"https:\/\/www.ifbaiano.edu.br\/unidades\/valenca\/files\/2016\/05\/1a-61.jpg\" class=\"attachment-thumbnail size-thumbnail\" alt=\"\" decoding=\"async\" loading=\"lazy\" \/><\/a>\n\t\t\t<\/dt><\/dl><br style=\"clear: both\" \/><dl class='gallery-item'>\n\t\t\t<dt class='gallery-icon landscape'>\n\t\t\t\t<a href='https:\/\/www.ifbaiano.edu.br\/unidades\/valenca\/files\/2016\/05\/1a-71.jpg'><img width=\"150\" height=\"84\" src=\"https:\/\/www.ifbaiano.edu.br\/unidades\/valenca\/files\/2016\/05\/1a-71.jpg\" class=\"attachment-thumbnail size-thumbnail\" alt=\"\" decoding=\"async\" loading=\"lazy\" \/><\/a>\n\t\t\t<\/dt><\/dl><dl class='gallery-item'>\n\t\t\t<dt class='gallery-icon landscape'>\n\t\t\t\t<a href='https:\/\/www.ifbaiano.edu.br\/unidades\/valenca\/files\/2016\/05\/1a-81.jpg'><img width=\"150\" height=\"84\" src=\"https:\/\/www.ifbaiano.edu.br\/unidades\/valenca\/files\/2016\/05\/1a-81.jpg\" class=\"attachment-thumbnail size-thumbnail\" alt=\"\" decoding=\"async\" loading=\"lazy\" \/><\/a>\n\t\t\t<\/dt><\/dl>\n\t\t\t<br style='clear: both' \/>\n\t\t<\/div>\n\n<p>&nbsp;<\/p>\n","protected":false},"excerpt":{"rendered":"<p>O Campus Valen\u00e7a com a\u00e7\u00f5es vinculadas ao programa Zika Zero \u00a0vem desenvolvendo v\u00e1rias atividades de combate \u00e0 prolifera\u00e7\u00e3o do mosquito Aedes aegypti e conscientiza\u00e7\u00e3o da comunidade escolar e da popula\u00e7\u00e3o em geral. Al\u00e9m de a\u00e7\u00f5es desenvolvidas no pr\u00f3prio Campus, atrav\u00e9s da realiza\u00e7\u00e3o de palestras para estudantes e servidores, com especial aten\u00e7\u00e3o para o pessoal de [&hellip;]<\/p>\n","protected":false},"author":62,"featured_media":0,"comment_status":"open","ping_status":"open","sticky":false,"template":"","format":"standard","meta":[],"categories":[63],"tags":[],"_links":{"self":[{"href":"https:\/\/www.ifbaiano.edu.br\/unidades\/valenca\/wp-json\/wp\/v2\/posts\/4399"}],"collection":[{"href":"https:\/\/www.ifbaiano.edu.br\/unidades\/valenca\/wp-json\/wp\/v2\/posts"}],"about":[{"href":"https:\/\/www.ifbaiano.edu.br\/unidades\/valenca\/wp-json\/wp\/v2\/types\/post"}],"author":[{"embeddable":true,"href":"https:\/\/www.ifbaiano.edu.br\/unidades\/valenca\/wp-json\/wp\/v2\/users\/62"}],"replies":[{"embeddable":true,"href":"https:\/\/www.ifbaiano.edu.br\/unidades\/valenca\/wp-json\/wp\/v2\/comments?post=4399"}],"version-history":[{"count":3,"href":"https:\/\/www.ifbaiano.edu.br\/unidades\/valenca\/wp-json\/wp\/v2\/posts\/4399\/revisions"}],"predecessor-version":[{"id":4402,"href":"https:\/\/www.ifbaiano.edu.br\/unidades\/valenca\/wp-json\/wp\/v2\/posts\/4399\/revisions\/4402"}],"wp:attachment":[{"href":"https:\/\/www.ifbaiano.edu.br\/unidades\/valenca\/wp-json\/wp\/v2\/media?parent=4399"}],"wp:term":[{"taxonomy":"category","embeddable":true,"href":"https:\/\/www.ifbaiano.edu.br\/unidades\/valenca\/wp-json\/wp\/v2\/categories?post=4399"},{"taxonomy":"post_tag","embeddable":true,"href":"https:\/\/www.ifbaiano.edu.br\/unidades\/valenca\/wp-json\/wp\/v2\/tags?post=4399"}],"curies":[{"name":"wp","href":"https:\/\/api.w.org\/{rel}","templated":true}]}}