{"id":4420,"date":"2016-05-12T17:25:33","date_gmt":"2016-05-12T17:25:33","guid":{"rendered":"http:\/\/www.ifbaiano.edu.br\/unidades\/valenca\/?p=4420"},"modified":"2016-05-12T17:25:33","modified_gmt":"2016-05-12T17:25:33","slug":"campus-valenca-promove-i-festival-cultural-das-linguagens","status":"publish","type":"post","link":"https:\/\/www.ifbaiano.edu.br\/unidades\/valenca\/2016\/05\/12\/campus-valenca-promove-i-festival-cultural-das-linguagens\/","title":{"rendered":"Campus Valen\u00e7a promove  I Festival  Cultural das Linguagens"},"content":{"rendered":"<p style=\"text-align: justify\">No pr\u00f3ximo fim de semana, 13 a 15 de maio, ser\u00e1 realizado o I Festival Cultural das Linguagens do Instituto Federal Baiano (IF Baiano) com os estudantes da modalidade integrada e subsequente do Campus Valen\u00e7a. \u201cEste evento \u00e9 muito importante para a introdu\u00e7\u00e3o do ESPORTE ESTUDANTIL no IFBAIANO\/Campus Valen\u00e7a e tamb\u00e9m promover\u00e1 a interdisciplinaridade j\u00e1 que pela primeira vez estaremos integrando os componentes curriculares da \u00c1rea das Linguagens, fomentando com isso, a possibilidade de viabilizarmos e valorizarmos as manifesta\u00e7\u00f5es culturais do esporte, do jogo e da dan\u00e7a.<\/p>\n<p style=\"text-align: justify\">\n<p style=\"text-align: justify\"><a href=\"http:\/\/www.ifbaiano.edu.br\/unidades\/valenca\/files\/2016\/05\/release-do-I-FESTIVAL-CULTURAL-DAS-LINGUAGENS.pdf\">Click aqui para ler o release completo<br \/>\n<\/a><\/p>\n<p style=\"text-align: justify\">\n<p style=\"text-align: justify\">\n<p style=\"text-align: justify\"><a href=\"http:\/\/www.ifbaiano.edu.br\/unidades\/valenca\/files\/2016\/05\/Programao-Oficial-do-I-Festival-Cultural-das-Linguagens.pdf\">Click aqui para ver a programa\u00e7\u00e3o Programa\u00e7\u00e3o<\/a><\/p>\n","protected":false},"excerpt":{"rendered":"<p>No pr\u00f3ximo fim de semana, 13 a 15 de maio, ser\u00e1 realizado o I Festival Cultural das Linguagens do Instituto Federal Baiano (IF Baiano) com os estudantes da modalidade integrada e subsequente do Campus Valen\u00e7a. \u201cEste evento \u00e9 muito importante para a introdu\u00e7\u00e3o do ESPORTE ESTUDANTIL no IFBAIANO\/Campus Valen\u00e7a e tamb\u00e9m promover\u00e1 a interdisciplinaridade j\u00e1 [&hellip;]<\/p>\n","protected":false},"author":62,"featured_media":0,"comment_status":"open","ping_status":"open","sticky":false,"template":"","format":"standard","meta":[],"categories":[38],"tags":[],"_links":{"self":[{"href":"https:\/\/www.ifbaiano.edu.br\/unidades\/valenca\/wp-json\/wp\/v2\/posts\/4420"}],"collection":[{"href":"https:\/\/www.ifbaiano.edu.br\/unidades\/valenca\/wp-json\/wp\/v2\/posts"}],"about":[{"href":"https:\/\/www.ifbaiano.edu.br\/unidades\/valenca\/wp-json\/wp\/v2\/types\/post"}],"author":[{"embeddable":true,"href":"https:\/\/www.ifbaiano.edu.br\/unidades\/valenca\/wp-json\/wp\/v2\/users\/62"}],"replies":[{"embeddable":true,"href":"https:\/\/www.ifbaiano.edu.br\/unidades\/valenca\/wp-json\/wp\/v2\/comments?post=4420"}],"version-history":[{"count":2,"href":"https:\/\/www.ifbaiano.edu.br\/unidades\/valenca\/wp-json\/wp\/v2\/posts\/4420\/revisions"}],"predecessor-version":[{"id":4424,"href":"https:\/\/www.ifbaiano.edu.br\/unidades\/valenca\/wp-json\/wp\/v2\/posts\/4420\/revisions\/4424"}],"wp:attachment":[{"href":"https:\/\/www.ifbaiano.edu.br\/unidades\/valenca\/wp-json\/wp\/v2\/media?parent=4420"}],"wp:term":[{"taxonomy":"category","embeddable":true,"href":"https:\/\/www.ifbaiano.edu.br\/unidades\/valenca\/wp-json\/wp\/v2\/categories?post=4420"},{"taxonomy":"post_tag","embeddable":true,"href":"https:\/\/www.ifbaiano.edu.br\/unidades\/valenca\/wp-json\/wp\/v2\/tags?post=4420"}],"curies":[{"name":"wp","href":"https:\/\/api.w.org\/{rel}","templated":true}]}}