{"id":4426,"date":"2016-05-13T17:40:42","date_gmt":"2016-05-13T17:40:42","guid":{"rendered":"http:\/\/www.ifbaiano.edu.br\/unidades\/valenca\/?p=4426"},"modified":"2016-05-13T17:45:18","modified_gmt":"2016-05-13T17:45:18","slug":"incricoes-deferidas-conad","status":"publish","type":"post","link":"https:\/\/www.ifbaiano.edu.br\/unidades\/valenca\/2016\/05\/13\/incricoes-deferidas-conad\/","title":{"rendered":"Inscri\u00e7\u00f5es Deferidas CONAD"},"content":{"rendered":"<p>O Grupo de Trabalho designado pela PORTARIA N\u00ba. 019 DE 13 DE MAIO DE 2016, publica as inscri\u00e7\u00f5es deferidas no processo de escolha dos representantes dos Docentes, T\u00e9cnico-administrativos, Discentes, Pais ou Respons\u00e1vel, Egressos e Representantes da Sociedade Civil vinculada \u00e0 Educa\u00e7\u00e3o, para compor o Conselho de Administra\u00e7\u00e3o (CONAD) do IF Baiano &#8211; Campus Valen\u00e7a, relativo ao bi\u00eanio 2015-2017, conforme preceitua o Art. 86 do Regimento Geral do IF Baiano.<\/p>\n<p>&nbsp;<\/p>\n<p><a href=\"http:\/\/www.ifbaiano.edu.br\/unidades\/valenca\/files\/2016\/05\/Inscricoes-deferidas-CONAD-2016.pdf\">Inscri\u00e7\u00f5es deferidas CONAD 2016<\/a><\/p>\n","protected":false},"excerpt":{"rendered":"<p>O Grupo de Trabalho designado pela PORTARIA N\u00ba. 019 DE 13 DE MAIO DE 2016, publica as inscri\u00e7\u00f5es deferidas no processo de escolha dos representantes dos Docentes, T\u00e9cnico-administrativos, Discentes, Pais ou Respons\u00e1vel, Egressos e Representantes da Sociedade Civil vinculada \u00e0 Educa\u00e7\u00e3o, para compor o Conselho de Administra\u00e7\u00e3o (CONAD) do IF Baiano &#8211; Campus Valen\u00e7a, relativo [&hellip;]<\/p>\n","protected":false},"author":62,"featured_media":0,"comment_status":"open","ping_status":"open","sticky":false,"template":"","format":"standard","meta":[],"categories":[4],"tags":[],"_links":{"self":[{"href":"https:\/\/www.ifbaiano.edu.br\/unidades\/valenca\/wp-json\/wp\/v2\/posts\/4426"}],"collection":[{"href":"https:\/\/www.ifbaiano.edu.br\/unidades\/valenca\/wp-json\/wp\/v2\/posts"}],"about":[{"href":"https:\/\/www.ifbaiano.edu.br\/unidades\/valenca\/wp-json\/wp\/v2\/types\/post"}],"author":[{"embeddable":true,"href":"https:\/\/www.ifbaiano.edu.br\/unidades\/valenca\/wp-json\/wp\/v2\/users\/62"}],"replies":[{"embeddable":true,"href":"https:\/\/www.ifbaiano.edu.br\/unidades\/valenca\/wp-json\/wp\/v2\/comments?post=4426"}],"version-history":[{"count":3,"href":"https:\/\/www.ifbaiano.edu.br\/unidades\/valenca\/wp-json\/wp\/v2\/posts\/4426\/revisions"}],"predecessor-version":[{"id":4429,"href":"https:\/\/www.ifbaiano.edu.br\/unidades\/valenca\/wp-json\/wp\/v2\/posts\/4426\/revisions\/4429"}],"wp:attachment":[{"href":"https:\/\/www.ifbaiano.edu.br\/unidades\/valenca\/wp-json\/wp\/v2\/media?parent=4426"}],"wp:term":[{"taxonomy":"category","embeddable":true,"href":"https:\/\/www.ifbaiano.edu.br\/unidades\/valenca\/wp-json\/wp\/v2\/categories?post=4426"},{"taxonomy":"post_tag","embeddable":true,"href":"https:\/\/www.ifbaiano.edu.br\/unidades\/valenca\/wp-json\/wp\/v2\/tags?post=4426"}],"curies":[{"name":"wp","href":"https:\/\/api.w.org\/{rel}","templated":true}]}}