{"id":4431,"date":"2016-05-18T14:05:15","date_gmt":"2016-05-18T14:05:15","guid":{"rendered":"http:\/\/www.ifbaiano.edu.br\/unidades\/valenca\/?p=4431"},"modified":"2016-05-18T14:06:07","modified_gmt":"2016-05-18T14:06:07","slug":"inscricoes-homologadas-conad-2","status":"publish","type":"post","link":"https:\/\/www.ifbaiano.edu.br\/unidades\/valenca\/2016\/05\/18\/inscricoes-homologadas-conad-2\/","title":{"rendered":"Inscri\u00e7\u00f5es Homologadas CONAD"},"content":{"rendered":"<p style=\"text-align: justify\">O Grupo de Trabalho designado pela PORTARIA N\u00ba. 019 DE 13 DE MAIO DE 2016, publica as inscri\u00e7\u00f5es homologadas no processo de escolha dos representantes dos Docentes, T\u00e9cnico administrativos, Discentes, Pais ou Respons\u00e1vel, Egressos e Representantes da Sociedade Civil vinculada \u00e0 Educa\u00e7\u00e3o, para compor o Conselho de Administra\u00e7\u00e3o (CONAD) do IF Baiano &#8211;<br \/>\nCampus Valen\u00e7a, relativo ao bi\u00eanio 2015-2017, conforme preceitua o Art. 86 do Regimento Geral do IF Baiano.<\/p>\n<p style=\"text-align: justify\"><a href=\"http:\/\/www.ifbaiano.edu.br\/unidades\/valenca\/files\/2016\/05\/Inscricoes-homologadas-CONAD-2016.pdf\">Homologa\u00e7\u00e3o CONAD <\/a><\/p>\n","protected":false},"excerpt":{"rendered":"<p>O Grupo de Trabalho designado pela PORTARIA N\u00ba. 019 DE 13 DE MAIO DE 2016, publica as inscri\u00e7\u00f5es homologadas no processo de escolha dos representantes dos Docentes, T\u00e9cnico administrativos, Discentes, Pais ou Respons\u00e1vel, Egressos e Representantes da Sociedade Civil vinculada \u00e0 Educa\u00e7\u00e3o, para compor o Conselho de Administra\u00e7\u00e3o (CONAD) do IF Baiano &#8211; Campus Valen\u00e7a, [&hellip;]<\/p>\n","protected":false},"author":62,"featured_media":0,"comment_status":"open","ping_status":"open","sticky":false,"template":"","format":"standard","meta":[],"categories":[4,5],"tags":[],"_links":{"self":[{"href":"https:\/\/www.ifbaiano.edu.br\/unidades\/valenca\/wp-json\/wp\/v2\/posts\/4431"}],"collection":[{"href":"https:\/\/www.ifbaiano.edu.br\/unidades\/valenca\/wp-json\/wp\/v2\/posts"}],"about":[{"href":"https:\/\/www.ifbaiano.edu.br\/unidades\/valenca\/wp-json\/wp\/v2\/types\/post"}],"author":[{"embeddable":true,"href":"https:\/\/www.ifbaiano.edu.br\/unidades\/valenca\/wp-json\/wp\/v2\/users\/62"}],"replies":[{"embeddable":true,"href":"https:\/\/www.ifbaiano.edu.br\/unidades\/valenca\/wp-json\/wp\/v2\/comments?post=4431"}],"version-history":[{"count":2,"href":"https:\/\/www.ifbaiano.edu.br\/unidades\/valenca\/wp-json\/wp\/v2\/posts\/4431\/revisions"}],"predecessor-version":[{"id":4434,"href":"https:\/\/www.ifbaiano.edu.br\/unidades\/valenca\/wp-json\/wp\/v2\/posts\/4431\/revisions\/4434"}],"wp:attachment":[{"href":"https:\/\/www.ifbaiano.edu.br\/unidades\/valenca\/wp-json\/wp\/v2\/media?parent=4431"}],"wp:term":[{"taxonomy":"category","embeddable":true,"href":"https:\/\/www.ifbaiano.edu.br\/unidades\/valenca\/wp-json\/wp\/v2\/categories?post=4431"},{"taxonomy":"post_tag","embeddable":true,"href":"https:\/\/www.ifbaiano.edu.br\/unidades\/valenca\/wp-json\/wp\/v2\/tags?post=4431"}],"curies":[{"name":"wp","href":"https:\/\/api.w.org\/{rel}","templated":true}]}}