{"id":4435,"date":"2016-05-18T14:12:54","date_gmt":"2016-05-18T14:12:54","guid":{"rendered":"http:\/\/www.ifbaiano.edu.br\/unidades\/valenca\/?p=4435"},"modified":"2016-05-18T18:51:10","modified_gmt":"2016-05-18T18:51:10","slug":"estudante-do-campus-valenca-e-selecionado-para-conduzir-a-tocha-olimpica","status":"publish","type":"post","link":"https:\/\/www.ifbaiano.edu.br\/unidades\/valenca\/2016\/05\/18\/estudante-do-campus-valenca-e-selecionado-para-conduzir-a-tocha-olimpica\/","title":{"rendered":"Estudante do Campus Valen\u00e7a \u00e9 selecionado para conduzir a Tocha Ol\u00edmpica"},"content":{"rendered":"<p style=\"text-align: justify\"><a href=\"http:\/\/www.ifbaiano.edu.br\/unidades\/valenca\/files\/2016\/05\/DSC0168.jpg\"><img decoding=\"async\" loading=\"lazy\" class=\"size-full wp-image-4437 alignleft\" src=\"http:\/\/www.ifbaiano.edu.br\/unidades\/valenca\/files\/2016\/05\/DSC0168.jpg\" alt=\"\" width=\"480\" height=\"362\" \/><\/a>A tocha ol\u00edmpica \u00e9 um importante s\u00edmbolo ol\u00edmpico e sua origem \u00e9 da Gr\u00e9cia Antiga, onde o fogo era mantido por toda a celebra\u00e7\u00e3o dos Jogos Ol\u00edmpicos da Antiguidade. Na atualidade, em cada edi\u00e7\u00e3o ol\u00edmpica, a tocha \u00e9 acesa meses antes do in\u00edcio, no local dos Jogos Ol\u00edmpicos da Antiguidade, nas ru\u00ednas de Ol\u00edmpia e segue para o pa\u00eds-sede e circula pelas cidades em forma de revezamento at\u00e9 um dia antes da cerim\u00f4nia de abertura dos jogos.<\/p>\n<p style=\"text-align: justify\">Ao longo do tempo manteve-se a tradi\u00e7\u00e3o de transportar a tocha Ol\u00edmpica com um revezamento por terra at\u00e9 a cidade-sede, mas em v\u00e1rias edi\u00e7\u00f5es a tradi\u00e7\u00e3o teve que ser adaptada por fatores geogr\u00e1ficos ou por motivos de espet\u00e1culo.<\/p>\n<p style=\"text-align: justify\">O modelo da tocha ol\u00edmpica brasileira \u00e9 um dos mais belos de todas as edi\u00e7\u00f5es e vai passar por mais de 300 cidades em um total aproximado de 20 mil km, com quase 15.000 condutores.<a href=\"http:\/\/www.ifbaiano.edu.br\/unidades\/valenca\/files\/2016\/05\/DSC0174.jpg\"><img decoding=\"async\" loading=\"lazy\" class=\"alignright size-full wp-image-4438\" src=\"http:\/\/www.ifbaiano.edu.br\/unidades\/valenca\/files\/2016\/05\/DSC0174.jpg\" alt=\"\" width=\"480\" height=\"384\" \/><\/a><\/p>\n<p style=\"text-align: justify\">A tocha ol\u00edmpica tamb\u00e9m passar\u00e1 por Valen\u00e7a, sendo conduzida pelas principais ruas da Cidade, o Campus Valen\u00e7a do IF Baiano, por ter conseguido uma melhoria nos seus \u00edndices acad\u00eamicos, foi selecionado para promover um concurso de reda\u00e7\u00e3o sobre os jogos ol\u00edmpicos para sele\u00e7\u00e3o de um estudante da institui\u00e7\u00e3o para condu\u00e7\u00e3o da tocha em um trecho da cidade, representando o Campus. Foi selecionado o estudante Ian Santos de Sousa do 3\u00b0 Ano do Curso T\u00e9cnico em Agroecologia com a reda\u00e7\u00e3o \u201cJogos Paraol\u00edmpicos e Inclus\u00e3o Social\u201d.<\/p>\n<p style=\"text-align: justify\">O destino final do revezamento, nem passar\u00e1 atualmente, ser\u00e1 o Maracan\u00e3, no Rio de Janeiro, dia 5 de agosto, quando a tocha ser\u00e1 usada para acender a pira ol\u00edmpica durante a abertura dos Jogos.<\/p>\n<p style=\"text-align: justify\">Em anexo segue sua reda\u00e7\u00e3o original e ap\u00f3s digitalizada.<\/p>\n<p style=\"text-align: justify\"><a href=\"http:\/\/www.ifbaiano.edu.br\/unidades\/valenca\/files\/2016\/05\/20160512140704065.pdf\">Reda\u00e7\u00e3o<\/a><\/p>\n<p style=\"text-align: justify\">\n<p style=\"text-align: justify\">&#8220;<\/p>\n<p style=\"text-align: center\" align=\"center\">Jogos Paral\u00edmpicos e Inclus\u00e3o Social<\/p>\n<p style=\"text-align: justify\" align=\"justify\">\n<p style=\"text-align: justify\" align=\"justify\">H\u00e1 quem diga que o esporte \u00e9 destinado somente ao modelo convencional, no qual, os atletas n\u00e3o apresentam nenhuma dificuldade ou necessidade especial. Atualmente, o esporte n\u00e3o \u00e9 mais barreira que seleciona \u201ca dedo\u201d seus integrantes, todos podem participar independentemente de suas dificuldades.<\/p>\n<p style=\"text-align: justify\" align=\"justify\">Os jogos paral\u00edmpicos englobam 22 modalidades esportivas. Atletas de todo o mundo disputam por seu pa\u00eds em busca de medalhas de ouro, prata e bronze. Essa categoria ol\u00edmpica destaca o avan\u00e7o da inclus\u00e3o social nos meios esportivos.<\/p>\n<p style=\"text-align: justify\" align=\"justify\">Sabe-se que, para atletas disputarem as diversas modalidades \u00e9 preciso acessibilidade. Os pa\u00edses possuem equipamentos tecnol\u00f3gicos essenciais para realizar treinamentos, testes, fator que representa a ascens\u00e3o tecnol\u00f3gica ao longo dos anos.<\/p>\n<p style=\"text-align: justify\" align=\"justify\">O esporte \u00e9 um ve\u00edculo fundamental para a sociedade. Com ele, as pessoas buscam sa\u00fade, lazer, supera\u00e7\u00e3o. Nessa perspectiva, observa-se que modalidades especiais de esporte possibilitam intera\u00e7\u00e3o social, bem-estar e at\u00e9 mesmo tratamentos.<\/p>\n<p style=\"text-align: justify\" align=\"justify\">Em 2016 ocorrer\u00e1 as Olimp\u00edadas no Brasil. \u00c9 uma grande oportunidade para atletas do esporte convencional, contudo, os Jogos Paral\u00edmpicos tamb\u00e9m abrir\u00e1 participa\u00e7\u00e3o de mais de 4000 atletas, segundo o site Rio 2016, fato que viabiliza a participa\u00e7\u00e3o dos mais variados atletas, possuindo eles necessidades especiais ou n\u00e3o.<\/p>\n<p style=\"text-align: justify\" align=\"justify\">O esporte \u00e9 bem que deve estar dispon\u00edvel a todos. Atletas com necessidades especiais sofrem preconceito por sua condi\u00e7\u00e3o, embora, suas habilidades ao modelo adaptado serem igualmente comparados ao convencional. Os Jogos Paral\u00edmpicos representam a chave para a inclus\u00e3o social por envolver pessoas de todos os meios, sabe-se tamb\u00e9m que todo o Brasil tem grandes chances de adquirir medalhas.<\/p>\n<p style=\"text-align: justify\">&#8220;<\/p>\n<p style=\"text-align: justify\">\n","protected":false},"excerpt":{"rendered":"<p>A tocha ol\u00edmpica \u00e9 um importante s\u00edmbolo ol\u00edmpico e sua origem \u00e9 da Gr\u00e9cia Antiga, onde o fogo era mantido por toda a celebra\u00e7\u00e3o dos Jogos Ol\u00edmpicos da Antiguidade. Na atualidade, em cada edi\u00e7\u00e3o ol\u00edmpica, a tocha \u00e9 acesa meses antes do in\u00edcio, no local dos Jogos Ol\u00edmpicos da Antiguidade, nas ru\u00ednas de Ol\u00edmpia e [&hellip;]<\/p>\n","protected":false},"author":62,"featured_media":4437,"comment_status":"open","ping_status":"open","sticky":false,"template":"","format":"standard","meta":[],"categories":[4,5],"tags":[],"_links":{"self":[{"href":"https:\/\/www.ifbaiano.edu.br\/unidades\/valenca\/wp-json\/wp\/v2\/posts\/4435"}],"collection":[{"href":"https:\/\/www.ifbaiano.edu.br\/unidades\/valenca\/wp-json\/wp\/v2\/posts"}],"about":[{"href":"https:\/\/www.ifbaiano.edu.br\/unidades\/valenca\/wp-json\/wp\/v2\/types\/post"}],"author":[{"embeddable":true,"href":"https:\/\/www.ifbaiano.edu.br\/unidades\/valenca\/wp-json\/wp\/v2\/users\/62"}],"replies":[{"embeddable":true,"href":"https:\/\/www.ifbaiano.edu.br\/unidades\/valenca\/wp-json\/wp\/v2\/comments?post=4435"}],"version-history":[{"count":5,"href":"https:\/\/www.ifbaiano.edu.br\/unidades\/valenca\/wp-json\/wp\/v2\/posts\/4435\/revisions"}],"predecessor-version":[{"id":4439,"href":"https:\/\/www.ifbaiano.edu.br\/unidades\/valenca\/wp-json\/wp\/v2\/posts\/4435\/revisions\/4439"}],"wp:featuredmedia":[{"embeddable":true,"href":"https:\/\/www.ifbaiano.edu.br\/unidades\/valenca\/wp-json\/wp\/v2\/media\/4437"}],"wp:attachment":[{"href":"https:\/\/www.ifbaiano.edu.br\/unidades\/valenca\/wp-json\/wp\/v2\/media?parent=4435"}],"wp:term":[{"taxonomy":"category","embeddable":true,"href":"https:\/\/www.ifbaiano.edu.br\/unidades\/valenca\/wp-json\/wp\/v2\/categories?post=4435"},{"taxonomy":"post_tag","embeddable":true,"href":"https:\/\/www.ifbaiano.edu.br\/unidades\/valenca\/wp-json\/wp\/v2\/tags?post=4435"}],"curies":[{"name":"wp","href":"https:\/\/api.w.org\/{rel}","templated":true}]}}