{"id":4444,"date":"2016-06-01T13:13:44","date_gmt":"2016-06-01T13:13:44","guid":{"rendered":"http:\/\/www.ifbaiano.edu.br\/unidades\/valenca\/?p=4444"},"modified":"2016-06-01T13:44:58","modified_gmt":"2016-06-01T13:44:58","slug":"resultado-conad","status":"publish","type":"post","link":"https:\/\/www.ifbaiano.edu.br\/unidades\/valenca\/2016\/06\/01\/resultado-conad\/","title":{"rendered":"Resultado CONAD"},"content":{"rendered":"<p>O Grupo de Trabalho CONAD , convocado por meio do Portaria Interna no. 019 de 26 de Abril de 2016, torna p\u00fablico o <strong>resultado<\/strong> da vota\u00e7\u00e3o do processo de escolha dos representantes dos Docentes, T\u00e9cnico-administrativos, Discentes, Pais ou Respons\u00e1vel, Egressos e Representantes da Sociedade Civil vinculada \u00e0 Educa\u00e7\u00e3o para compor o Conselho de Administra\u00e7\u00e3o (CONAD) do IF Baiano Campus Valen\u00e7a, para o bi\u00eanio 2016 \u2013 2018, conforme preceitua o Art. 86 do Regimento Geral do IF Baiano.<\/p>\n<p>&nbsp;<\/p>\n<p><a href=\"http:\/\/www.ifbaiano.edu.br\/unidades\/valenca\/files\/2016\/06\/Resultado-da-elei\u00e7\u00e3o-do-Conad-bi\u00eanio-2016-a-2018.pdf\">Resultado<\/a><\/p>\n","protected":false},"excerpt":{"rendered":"<p>O Grupo de Trabalho CONAD , convocado por meio do Portaria Interna no. 019 de 26 de Abril de 2016, torna p\u00fablico o resultado da vota\u00e7\u00e3o do processo de escolha dos representantes dos Docentes, T\u00e9cnico-administrativos, Discentes, Pais ou Respons\u00e1vel, Egressos e Representantes da Sociedade Civil vinculada \u00e0 Educa\u00e7\u00e3o para compor o Conselho de Administra\u00e7\u00e3o (CONAD) [&hellip;]<\/p>\n","protected":false},"author":62,"featured_media":0,"comment_status":"open","ping_status":"open","sticky":false,"template":"","format":"standard","meta":[],"categories":[4,5,8],"tags":[],"_links":{"self":[{"href":"https:\/\/www.ifbaiano.edu.br\/unidades\/valenca\/wp-json\/wp\/v2\/posts\/4444"}],"collection":[{"href":"https:\/\/www.ifbaiano.edu.br\/unidades\/valenca\/wp-json\/wp\/v2\/posts"}],"about":[{"href":"https:\/\/www.ifbaiano.edu.br\/unidades\/valenca\/wp-json\/wp\/v2\/types\/post"}],"author":[{"embeddable":true,"href":"https:\/\/www.ifbaiano.edu.br\/unidades\/valenca\/wp-json\/wp\/v2\/users\/62"}],"replies":[{"embeddable":true,"href":"https:\/\/www.ifbaiano.edu.br\/unidades\/valenca\/wp-json\/wp\/v2\/comments?post=4444"}],"version-history":[{"count":3,"href":"https:\/\/www.ifbaiano.edu.br\/unidades\/valenca\/wp-json\/wp\/v2\/posts\/4444\/revisions"}],"predecessor-version":[{"id":4450,"href":"https:\/\/www.ifbaiano.edu.br\/unidades\/valenca\/wp-json\/wp\/v2\/posts\/4444\/revisions\/4450"}],"wp:attachment":[{"href":"https:\/\/www.ifbaiano.edu.br\/unidades\/valenca\/wp-json\/wp\/v2\/media?parent=4444"}],"wp:term":[{"taxonomy":"category","embeddable":true,"href":"https:\/\/www.ifbaiano.edu.br\/unidades\/valenca\/wp-json\/wp\/v2\/categories?post=4444"},{"taxonomy":"post_tag","embeddable":true,"href":"https:\/\/www.ifbaiano.edu.br\/unidades\/valenca\/wp-json\/wp\/v2\/tags?post=4444"}],"curies":[{"name":"wp","href":"https:\/\/api.w.org\/{rel}","templated":true}]}}