{"id":4451,"date":"2016-06-10T11:13:34","date_gmt":"2016-06-10T11:13:34","guid":{"rendered":"http:\/\/www.ifbaiano.edu.br\/unidades\/valenca\/?p=4451"},"modified":"2016-06-10T11:13:53","modified_gmt":"2016-06-10T11:13:53","slug":"resultado-final-conad","status":"publish","type":"post","link":"https:\/\/www.ifbaiano.edu.br\/unidades\/valenca\/2016\/06\/10\/resultado-final-conad\/","title":{"rendered":"Resultado Final CONAD"},"content":{"rendered":"<div style=\"text-align: justify\">O Grupo de Trabalho designado pela PORTARIA N\u00ba. 019 DE 13 DE MAIO DE 2016, publica o Resultado Final no processo de escolha dos representantes dos Docentes, T\u00e9cnico- administrativos, Discentes, Pais ou Respons\u00e1vel, Egressos e Representantes da Sociedade Civil vinculada \u00e0 Educa\u00e7\u00e3o, para compor o Conselho de Administra\u00e7\u00e3o (CONAD) do IF Baiano -Campus Valen\u00e7a.<\/div>\n<div style=\"text-align: justify\"><a href=\"http:\/\/www.ifbaiano.edu.br\/unidades\/valenca\/files\/2016\/06\/Resultado-Final-CONAD-2016.pdf\">Resultado Final CONAD 2016<\/a><\/div>\n","protected":false},"excerpt":{"rendered":"<p>O Grupo de Trabalho designado pela PORTARIA N\u00ba. 019 DE 13 DE MAIO DE 2016, publica o Resultado Final no processo de escolha dos representantes dos Docentes, T\u00e9cnico- administrativos, Discentes, Pais ou Respons\u00e1vel, Egressos e Representantes da Sociedade Civil vinculada \u00e0 Educa\u00e7\u00e3o, para compor o Conselho de Administra\u00e7\u00e3o (CONAD) do IF Baiano -Campus Valen\u00e7a. Resultado [&hellip;]<\/p>\n","protected":false},"author":62,"featured_media":0,"comment_status":"open","ping_status":"open","sticky":false,"template":"","format":"standard","meta":[],"categories":[4,5],"tags":[],"_links":{"self":[{"href":"https:\/\/www.ifbaiano.edu.br\/unidades\/valenca\/wp-json\/wp\/v2\/posts\/4451"}],"collection":[{"href":"https:\/\/www.ifbaiano.edu.br\/unidades\/valenca\/wp-json\/wp\/v2\/posts"}],"about":[{"href":"https:\/\/www.ifbaiano.edu.br\/unidades\/valenca\/wp-json\/wp\/v2\/types\/post"}],"author":[{"embeddable":true,"href":"https:\/\/www.ifbaiano.edu.br\/unidades\/valenca\/wp-json\/wp\/v2\/users\/62"}],"replies":[{"embeddable":true,"href":"https:\/\/www.ifbaiano.edu.br\/unidades\/valenca\/wp-json\/wp\/v2\/comments?post=4451"}],"version-history":[{"count":2,"href":"https:\/\/www.ifbaiano.edu.br\/unidades\/valenca\/wp-json\/wp\/v2\/posts\/4451\/revisions"}],"predecessor-version":[{"id":4454,"href":"https:\/\/www.ifbaiano.edu.br\/unidades\/valenca\/wp-json\/wp\/v2\/posts\/4451\/revisions\/4454"}],"wp:attachment":[{"href":"https:\/\/www.ifbaiano.edu.br\/unidades\/valenca\/wp-json\/wp\/v2\/media?parent=4451"}],"wp:term":[{"taxonomy":"category","embeddable":true,"href":"https:\/\/www.ifbaiano.edu.br\/unidades\/valenca\/wp-json\/wp\/v2\/categories?post=4451"},{"taxonomy":"post_tag","embeddable":true,"href":"https:\/\/www.ifbaiano.edu.br\/unidades\/valenca\/wp-json\/wp\/v2\/tags?post=4451"}],"curies":[{"name":"wp","href":"https:\/\/api.w.org\/{rel}","templated":true}]}}