{"id":4456,"date":"2016-07-08T12:53:00","date_gmt":"2016-07-08T12:53:00","guid":{"rendered":"http:\/\/www.ifbaiano.edu.br\/unidades\/valenca\/?p=4456"},"modified":"2016-07-22T17:03:17","modified_gmt":"2016-07-22T17:03:17","slug":"aviso-de-chamada-publica-012016","status":"publish","type":"post","link":"https:\/\/www.ifbaiano.edu.br\/unidades\/valenca\/2016\/07\/08\/aviso-de-chamada-publica-012016\/","title":{"rendered":"AVISO DE CHAMADA P\u00daBLICA 01\/2016"},"content":{"rendered":"<p style=\"text-align: center\" align=\"center\"><strong>DISPENSA DE LICITA\u00c7\u00c3O<\/strong> 13\/2016<\/p>\n<p style=\"text-align: justify\">\u00a0\u00a0\u00a0\u00a0\u00a0\u00a0\u00a0 O Instituto Federal Baiano \u2013 <em>Campus <\/em>Valen\u00e7a torna p\u00fablico, para conhecimento dos interessados, que realizar\u00e1 a Chamada P\u00fablica n\u00ba 01\/2016. Objeto: Aquisi\u00e7\u00e3o de g\u00eaneros aliment\u00edcios da agricultura familiar para atendimento ao programa Nacional de Alimenta\u00e7\u00e3o Escolar &#8211; PNAE, conforme as pe\u00e7as t\u00e9cnicas constantes no Instrumento Convocat\u00f3rio e seus anexos, partes integrantes desta Chamada P\u00fablica. O Edital encontra-se dispon\u00edvel na sede do\u00a0 Campus e no s\u00edtio\u00a0 <span style=\"text-decoration: underline\">http:\/\/www.ifbaiano.edu.br\/unidades\/valenca<\/span>. Sess\u00e3o de abertura: 01\/08\/2016, \u00e0s 09h, Hor\u00e1rio Local, na sede do Instituto Federal Baiano \u2013 <em>Campus <\/em>Valen\u00e7a, localizado na Rua Glic\u00e9rio Tavares, s\/n, Bate Quente, CEP: 45.400-000, Valen\u00e7a \u2013 Bahia.<\/p>\n<p style=\"text-align: center\" align=\"center\">Rafael de Oliveira Ribeiro<\/p>\n<p style=\"text-align: center\" align=\"center\">Presidente da Comiss\u00e3o<\/p>\n<p style=\"text-align: center\" align=\"center\">IF Baiano \u2013 Campus Valen\u00e7a<\/p>\n<p style=\"text-align: justify\" align=\"center\">Anexos:<\/p>\n<p style=\"text-align: justify\" align=\"center\"><a href=\"http:\/\/www.ifbaiano.edu.br\/unidades\/valenca\/files\/2016\/07\/AVISO-DE-CHAMADA-P\u00daBLICA-01.pdf\">AVISO DE CHAMADA P\u00daBLICA<\/a><\/p>\n<p style=\"text-align: justify\" align=\"center\"><a href=\"http:\/\/www.ifbaiano.edu.br\/unidades\/valenca\/files\/2016\/07\/Edital-de-Chamada-P\u00fablica-01.2016-ok.pdf\">Edital de Chamada P\u00fablica 01.2016<\/a><\/p>\n<p style=\"text-align: justify\" align=\"center\"><a href=\"http:\/\/www.ifbaiano.edu.br\/unidades\/valenca\/files\/2016\/07\/cronograma-de-entrega-chamada-publica.pdf\">Cronograma<\/a><\/p>\n<p style=\"text-align: justify\" align=\"center\"><a href=\"http:\/\/www.ifbaiano.edu.br\/unidades\/valenca\/files\/2016\/07\/1-Anexo-I-Especifica\u00e7\u00f5es-termo-ok.pdf\">Anexo I &#8211; Especifica\u00e7\u00f5es Termo<\/a><\/p>\n<p style=\"text-align: justify\" align=\"center\"><a href=\"http:\/\/www.ifbaiano.edu.br\/unidades\/valenca\/files\/2016\/07\/2-Anexo-II-Projeto-de-Vendas-ok.pdf\">Anexo II &#8211; Projeto de Vendas<\/a><\/p>\n<p style=\"text-align: justify\" align=\"center\"><a href=\"http:\/\/www.ifbaiano.edu.br\/unidades\/valenca\/files\/2016\/07\/3-Anexo-III-Declara\u00e7\u00e3o-de-Origem-dos-Produtos-ok.pdf\">Anexo III- Declara\u00e7\u00e3o de Origem dos Produtos<\/a><\/p>\n<p style=\"text-align: justify\" align=\"center\"><a href=\"http:\/\/www.ifbaiano.edu.br\/unidades\/valenca\/files\/2016\/07\/4-Anexo-IV-Modelo-de-Termo-de-Recebimento-ok.pdf\">Anexo IV &#8211; Modelo de Termo de Recebimento<\/a><\/p>\n<p style=\"text-align: justify\" align=\"center\"><a href=\"http:\/\/www.ifbaiano.edu.br\/unidades\/valenca\/files\/2016\/07\/5-Anexo-V-Minuta-do-Contrato-ok.pdf\">Anexo V &#8211; Minuta do Contrato<\/a><\/p>\n","protected":false},"excerpt":{"rendered":"<p>DISPENSA DE LICITA\u00c7\u00c3O 13\/2016 \u00a0\u00a0\u00a0\u00a0\u00a0\u00a0\u00a0 O Instituto Federal Baiano \u2013 Campus Valen\u00e7a torna p\u00fablico, para conhecimento dos interessados, que realizar\u00e1 a Chamada P\u00fablica n\u00ba 01\/2016. Objeto: Aquisi\u00e7\u00e3o de g\u00eaneros aliment\u00edcios da agricultura familiar para atendimento ao programa Nacional de Alimenta\u00e7\u00e3o Escolar &#8211; PNAE, conforme as pe\u00e7as t\u00e9cnicas constantes no Instrumento Convocat\u00f3rio e seus anexos, partes [&hellip;]<\/p>\n","protected":false},"author":62,"featured_media":0,"comment_status":"open","ping_status":"open","sticky":false,"template":"","format":"standard","meta":[],"categories":[33,5],"tags":[],"_links":{"self":[{"href":"https:\/\/www.ifbaiano.edu.br\/unidades\/valenca\/wp-json\/wp\/v2\/posts\/4456"}],"collection":[{"href":"https:\/\/www.ifbaiano.edu.br\/unidades\/valenca\/wp-json\/wp\/v2\/posts"}],"about":[{"href":"https:\/\/www.ifbaiano.edu.br\/unidades\/valenca\/wp-json\/wp\/v2\/types\/post"}],"author":[{"embeddable":true,"href":"https:\/\/www.ifbaiano.edu.br\/unidades\/valenca\/wp-json\/wp\/v2\/users\/62"}],"replies":[{"embeddable":true,"href":"https:\/\/www.ifbaiano.edu.br\/unidades\/valenca\/wp-json\/wp\/v2\/comments?post=4456"}],"version-history":[{"count":2,"href":"https:\/\/www.ifbaiano.edu.br\/unidades\/valenca\/wp-json\/wp\/v2\/posts\/4456\/revisions"}],"predecessor-version":[{"id":4476,"href":"https:\/\/www.ifbaiano.edu.br\/unidades\/valenca\/wp-json\/wp\/v2\/posts\/4456\/revisions\/4476"}],"wp:attachment":[{"href":"https:\/\/www.ifbaiano.edu.br\/unidades\/valenca\/wp-json\/wp\/v2\/media?parent=4456"}],"wp:term":[{"taxonomy":"category","embeddable":true,"href":"https:\/\/www.ifbaiano.edu.br\/unidades\/valenca\/wp-json\/wp\/v2\/categories?post=4456"},{"taxonomy":"post_tag","embeddable":true,"href":"https:\/\/www.ifbaiano.edu.br\/unidades\/valenca\/wp-json\/wp\/v2\/tags?post=4456"}],"curies":[{"name":"wp","href":"https:\/\/api.w.org\/{rel}","templated":true}]}}