{"id":4469,"date":"2016-07-19T17:20:42","date_gmt":"2016-07-19T17:20:42","guid":{"rendered":"http:\/\/www.ifbaiano.edu.br\/unidades\/valenca\/?p=4469"},"modified":"2016-07-19T17:20:42","modified_gmt":"2016-07-19T17:20:42","slug":"impactos-ambientais-no-distrito-de-guaibim-municipio-de-valenca-ba-relacao-entre-urbanizacao-e-saneamento-basico","status":"publish","type":"post","link":"https:\/\/www.ifbaiano.edu.br\/unidades\/valenca\/2016\/07\/19\/impactos-ambientais-no-distrito-de-guaibim-municipio-de-valenca-ba-relacao-entre-urbanizacao-e-saneamento-basico\/","title":{"rendered":"IMPACTOS AMBIENTAIS NO DISTRITO DE GUAIBIM, MUNIC\u00cdPIO DE VALEN\u00c7A-BA: RELA\u00c7\u00c3O ENTRE URBANIZA\u00c7\u00c3O E SANEAMENTO B\u00c1SICO."},"content":{"rendered":"<p>Evento: IV Congresso Baiano de Engenharia Sanit\u00e1ria e Ambiental &#8211; COBESA<\/p>\n<p>Local: Universidade Federal do Rec\u00f4ncavo da Bahia, Campus Cruz das Almas, nos dias 13 a 16 de julho de 2016, tem como tema central \u201cQualidade Ambiental: integrando \u00e1gua, saneamento, energias, alimento, sa\u00fade e sociedade\u201d<\/p>\n<p>Este trabalho consiste em uma das etapas do projeto de pesquisa realizado no IFbaiano campus Valen\u00e7a, tendo como coordenadora a professora Maria Auxiliadora Freitas dos Santos(Docente no curso T\u00e9cnico de Meio Ambiente)e as discentes do III per\u00edodo de Meio Ambiente: Rosita Nascimento Sena e Lediane Ara\u00fajo Souza.<\/p>\n<p>&nbsp;<\/p>\n\n\t\t<style type=\"text\/css\">\n\t\t\t#gallery-1 {\n\t\t\t\tmargin: auto;\n\t\t\t}\n\t\t\t#gallery-1 .gallery-item {\n\t\t\t\tfloat: left;\n\t\t\t\tmargin-top: 10px;\n\t\t\t\ttext-align: center;\n\t\t\t\twidth: 33%;\n\t\t\t}\n\t\t\t#gallery-1 img {\n\t\t\t\tborder: 2px solid #cfcfcf;\n\t\t\t}\n\t\t\t#gallery-1 .gallery-caption {\n\t\t\t\tmargin-left: 0;\n\t\t\t}\n\t\t\t\/* see gallery_shortcode() in wp-includes\/media.php *\/\n\t\t<\/style>\n\t\t<div id='gallery-1' class='gallery galleryid-4469 gallery-columns-3 gallery-size-thumbnail'><dl class='gallery-item'>\n\t\t\t<dt class='gallery-icon landscape'>\n\t\t\t\t<a href='https:\/\/www.ifbaiano.edu.br\/unidades\/valenca\/files\/2016\/07\/13654171_1072842846135274_1031866953382979282_n.jpg'><img width=\"150\" height=\"84\" src=\"https:\/\/www.ifbaiano.edu.br\/unidades\/valenca\/files\/2016\/07\/13654171_1072842846135274_1031866953382979282_n.jpg\" class=\"attachment-thumbnail size-thumbnail\" alt=\"\" decoding=\"async\" loading=\"lazy\" \/><\/a>\n\t\t\t<\/dt><\/dl><dl class='gallery-item'>\n\t\t\t<dt class='gallery-icon landscape'>\n\t\t\t\t<a href='https:\/\/www.ifbaiano.edu.br\/unidades\/valenca\/files\/2016\/07\/13669204_1072842886135270_7958463427174517647_n.jpg'><img width=\"150\" height=\"84\" src=\"https:\/\/www.ifbaiano.edu.br\/unidades\/valenca\/files\/2016\/07\/13669204_1072842886135270_7958463427174517647_n.jpg\" class=\"attachment-thumbnail size-thumbnail\" alt=\"\" decoding=\"async\" loading=\"lazy\" \/><\/a>\n\t\t\t<\/dt><\/dl><dl class='gallery-item'>\n\t\t\t<dt class='gallery-icon landscape'>\n\t\t\t\t<a href='https:\/\/www.ifbaiano.edu.br\/unidades\/valenca\/files\/2016\/07\/13681024_1072843092801916_7918760792014666950_n.jpg'><img width=\"150\" height=\"84\" src=\"https:\/\/www.ifbaiano.edu.br\/unidades\/valenca\/files\/2016\/07\/13681024_1072843092801916_7918760792014666950_n.jpg\" class=\"attachment-thumbnail size-thumbnail\" alt=\"\" decoding=\"async\" loading=\"lazy\" \/><\/a>\n\t\t\t<\/dt><\/dl><br style=\"clear: both\" \/>\n\t\t<\/div>\n\n","protected":false},"excerpt":{"rendered":"<p>Evento: IV Congresso Baiano de Engenharia Sanit\u00e1ria e Ambiental &#8211; COBESA Local: Universidade Federal do Rec\u00f4ncavo da Bahia, Campus Cruz das Almas, nos dias 13 a 16 de julho de 2016, tem como tema central \u201cQualidade Ambiental: integrando \u00e1gua, saneamento, energias, alimento, sa\u00fade e sociedade\u201d Este trabalho consiste em uma das etapas do projeto de [&hellip;]<\/p>\n","protected":false},"author":62,"featured_media":0,"comment_status":"open","ping_status":"open","sticky":false,"template":"","format":"standard","meta":[],"categories":[61,26,29],"tags":[],"_links":{"self":[{"href":"https:\/\/www.ifbaiano.edu.br\/unidades\/valenca\/wp-json\/wp\/v2\/posts\/4469"}],"collection":[{"href":"https:\/\/www.ifbaiano.edu.br\/unidades\/valenca\/wp-json\/wp\/v2\/posts"}],"about":[{"href":"https:\/\/www.ifbaiano.edu.br\/unidades\/valenca\/wp-json\/wp\/v2\/types\/post"}],"author":[{"embeddable":true,"href":"https:\/\/www.ifbaiano.edu.br\/unidades\/valenca\/wp-json\/wp\/v2\/users\/62"}],"replies":[{"embeddable":true,"href":"https:\/\/www.ifbaiano.edu.br\/unidades\/valenca\/wp-json\/wp\/v2\/comments?post=4469"}],"version-history":[{"count":1,"href":"https:\/\/www.ifbaiano.edu.br\/unidades\/valenca\/wp-json\/wp\/v2\/posts\/4469\/revisions"}],"predecessor-version":[{"id":4473,"href":"https:\/\/www.ifbaiano.edu.br\/unidades\/valenca\/wp-json\/wp\/v2\/posts\/4469\/revisions\/4473"}],"wp:attachment":[{"href":"https:\/\/www.ifbaiano.edu.br\/unidades\/valenca\/wp-json\/wp\/v2\/media?parent=4469"}],"wp:term":[{"taxonomy":"category","embeddable":true,"href":"https:\/\/www.ifbaiano.edu.br\/unidades\/valenca\/wp-json\/wp\/v2\/categories?post=4469"},{"taxonomy":"post_tag","embeddable":true,"href":"https:\/\/www.ifbaiano.edu.br\/unidades\/valenca\/wp-json\/wp\/v2\/tags?post=4469"}],"curies":[{"name":"wp","href":"https:\/\/api.w.org\/{rel}","templated":true}]}}