{"id":4477,"date":"2016-07-26T16:55:32","date_gmt":"2016-07-26T16:55:32","guid":{"rendered":"http:\/\/www.ifbaiano.edu.br\/unidades\/valenca\/?p=4477"},"modified":"2016-07-27T12:54:55","modified_gmt":"2016-07-27T12:54:55","slug":"projeto-de-extensao-infovalenca-um-projeto-de-inclusao-digital-para-a-populacao-de-valencaba","status":"publish","type":"post","link":"https:\/\/www.ifbaiano.edu.br\/unidades\/valenca\/2016\/07\/26\/projeto-de-extensao-infovalenca-um-projeto-de-inclusao-digital-para-a-populacao-de-valencaba\/","title":{"rendered":"Projeto de Extens\u00e3o &#8220;INFOVALEN\u00c7A: Um projeto de inclus\u00e3o digital para a popula\u00e7\u00e3o de Valen\u00e7a\/BA&#8221;"},"content":{"rendered":"<p style=\"text-align: justify\"><a href=\"http:\/\/www.ifbaiano.edu.br\/unidades\/valenca\/files\/2016\/07\/ASCOM.jpg\"><img decoding=\"async\" loading=\"lazy\" class=\"alignright size-full wp-image-4478\" src=\"http:\/\/www.ifbaiano.edu.br\/unidades\/valenca\/files\/2016\/07\/ASCOM.jpg\" alt=\"\" width=\"446\" height=\"367\" \/><\/a>O Instituto Federal Baiano &#8211; Campus Valen\u00e7a est\u00e1 oferecendo cursos gratuitos de Inform\u00e1tica a partir do Projeto de Extens\u00e3o &#8220;INFOVALEN\u00c7A: Um projeto de inclus\u00e3o digital para a popula\u00e7\u00e3o de Valen\u00e7a\/BA&#8221; orientado pelo professor Gustavo Sabry.<\/p>\n<p style=\"text-align: justify\">Ser\u00e3o formadas duas turmas com 25 alunos: uma de jovens (de 12 a 17 anos) e uma de adultos (a partir de 18 anos).<\/p>\n<p style=\"text-align: justify\">As inscri\u00e7\u00f5es ser\u00e3o dia 01\/08\/2016 at\u00e9 31\/08\/2016.<\/p>\n<p style=\"text-align: justify\">O curso ter\u00e1 in\u00edcio dia 02\/09\/2016 at\u00e9 30\/12\/2016 e as aulas ser\u00e3o ministradas todas as sextas-feiras \u00e0 tarde no campus do IFBAIANO, localizado na Rua Glic\u00e9rio Tavares S\/N &#8211; Bate Quente, e ter\u00e1 uma carga hor\u00e1ria de 30 horas.<\/p>\n<p style=\"text-align: justify\">O conte\u00fado estudado ser\u00e3o os seguintes: Evolu\u00e7\u00e3o da Inform\u00e1tica; Sistemas Operacionais; Hardware e Software; Internet e Seguran\u00e7a na Internet; Editor de Texto (Writer); Cria\u00e7\u00e3o de Apresenta\u00e7\u00f5es (Impress); Planilhas Eletr\u00f4nica (Calc).<\/p>\n<p style=\"text-align: justify\">Todos os participantes ir\u00e3o receber certificado.<\/p>\n<p style=\"text-align: justify\">Mais informa\u00e7\u00f5es: <a href=\"%2875%29%2098838-4613\">(75) 98838-4613<\/a><\/p>\n<p style=\"text-align: justify\">Clique aqui para se inscrever na Turma de Jovens (de 12 a 17 anos) &#8211; <a href=\"https:\/\/goo.gl\/EmlfhM\" target=\"_blank\">Clique aqui.<\/a><\/p>\n<p style=\"text-align: justify\">Clique aqui para se inscrever na Turma de Adultos (a partir de 18 anos) &#8211; <a href=\"https:\/\/goo.gl\/ObDxkk\" target=\"_blank\">Clique aqui.<\/a><\/p>\n","protected":false},"excerpt":{"rendered":"<p>O Instituto Federal Baiano &#8211; Campus Valen\u00e7a est\u00e1 oferecendo cursos gratuitos de Inform\u00e1tica a partir do Projeto de Extens\u00e3o &#8220;INFOVALEN\u00c7A: Um projeto de inclus\u00e3o digital para a popula\u00e7\u00e3o de Valen\u00e7a\/BA&#8221; orientado pelo professor Gustavo Sabry. Ser\u00e3o formadas duas turmas com 25 alunos: uma de jovens (de 12 a 17 anos) e uma de adultos (a [&hellip;]<\/p>\n","protected":false},"author":62,"featured_media":0,"comment_status":"open","ping_status":"open","sticky":false,"template":"","format":"standard","meta":[],"categories":[5],"tags":[],"_links":{"self":[{"href":"https:\/\/www.ifbaiano.edu.br\/unidades\/valenca\/wp-json\/wp\/v2\/posts\/4477"}],"collection":[{"href":"https:\/\/www.ifbaiano.edu.br\/unidades\/valenca\/wp-json\/wp\/v2\/posts"}],"about":[{"href":"https:\/\/www.ifbaiano.edu.br\/unidades\/valenca\/wp-json\/wp\/v2\/types\/post"}],"author":[{"embeddable":true,"href":"https:\/\/www.ifbaiano.edu.br\/unidades\/valenca\/wp-json\/wp\/v2\/users\/62"}],"replies":[{"embeddable":true,"href":"https:\/\/www.ifbaiano.edu.br\/unidades\/valenca\/wp-json\/wp\/v2\/comments?post=4477"}],"version-history":[{"count":4,"href":"https:\/\/www.ifbaiano.edu.br\/unidades\/valenca\/wp-json\/wp\/v2\/posts\/4477\/revisions"}],"predecessor-version":[{"id":4481,"href":"https:\/\/www.ifbaiano.edu.br\/unidades\/valenca\/wp-json\/wp\/v2\/posts\/4477\/revisions\/4481"}],"wp:attachment":[{"href":"https:\/\/www.ifbaiano.edu.br\/unidades\/valenca\/wp-json\/wp\/v2\/media?parent=4477"}],"wp:term":[{"taxonomy":"category","embeddable":true,"href":"https:\/\/www.ifbaiano.edu.br\/unidades\/valenca\/wp-json\/wp\/v2\/categories?post=4477"},{"taxonomy":"post_tag","embeddable":true,"href":"https:\/\/www.ifbaiano.edu.br\/unidades\/valenca\/wp-json\/wp\/v2\/tags?post=4477"}],"curies":[{"name":"wp","href":"https:\/\/api.w.org\/{rel}","templated":true}]}}