{"id":4483,"date":"2016-07-26T20:16:34","date_gmt":"2016-07-26T20:16:34","guid":{"rendered":"http:\/\/www.ifbaiano.edu.br\/unidades\/valenca\/?p=4483"},"modified":"2016-07-27T11:35:51","modified_gmt":"2016-07-27T11:35:51","slug":"if-baiano-abre-edital-de-processo-seletivo-para-vagas-remanescentes","status":"publish","type":"post","link":"https:\/\/www.ifbaiano.edu.br\/unidades\/valenca\/2016\/07\/26\/if-baiano-abre-edital-de-processo-seletivo-para-vagas-remanescentes\/","title":{"rendered":"IF Baiano abre Edital de Processo Seletivo para vagas remanescentes"},"content":{"rendered":"<p style=\"text-align: justify\"><a href=\"http:\/\/www.ifbaiano.edu.br\/unidades\/valenca\/files\/2016\/07\/divulgaprosel.png\"><img decoding=\"async\" loading=\"lazy\" class=\"alignright size-full wp-image-4489\" style=\"margin-left: 5px;margin-right: 5px\" src=\"http:\/\/www.ifbaiano.edu.br\/unidades\/valenca\/files\/2016\/07\/divulgaprosel.png\" alt=\"\" width=\"415\" height=\"524\" \/><\/a>Est\u00e3o abertas, de <strong>26 a 29 de julho de 2016<\/strong>, edital de vagas remanescentes para os cursos de Agropecu\u00e1ria e Meio Ambiente subsequentes. As inscri\u00e7\u00f5es dever\u00e3o ser efetuadas presencialmente no IF Baiano &#8211; campus Valen\u00e7a, localizado na Rua Glic\u00e9rio Tavares, Sn, Bate Quente.<\/p>\n<p style=\"text-align: justify\">Est\u00e3o dispon\u00edveis 12 (doze) vagas para o curso de Agropecu\u00e1ria vespertino e 16 (dezesseis) para o curso de Meio Ambiente matutino. O IF Baiano conta com reserva de vagas para oriundos de escola p\u00fablica e pessoas com defici\u00eancia.<\/p>\n<p style=\"text-align: justify\">A sele\u00e7\u00e3o ser\u00e1 feita atrav\u00e9s de an\u00e1lise do hist\u00f3rico escolar do Ensino M\u00e9dio ou atrav\u00e9s do certificado de conclus\u00e3o do Ensino M\u00e9dio atrav\u00e9s do ENEM. O resultado est\u00e1 previsto para o dia 03 de agosto e as matr\u00edculas para os dias 04 e 05 de agosto.<\/p>\n<p style=\"text-align: justify\">\n<p style=\"text-align: justify\"><a href=\"http:\/\/www.ifbaiano.edu.br\/unidades\/valenca\/files\/2016\/07\/20160726153956302.pdf\">EDITAL<\/a><\/p>\n<p style=\"text-align: justify\">\n<p style=\"text-align: justify\">Mais informa\u00e7\u00f5es consulte o edital no site: <a href=\"http:\/\/www.ifbaiano.edu.br\/unidades\/valenca\/\">http:\/\/www.ifbaiano.edu.br\/unidades\/valenca\/<\/a>\u00a0 ou ligue para o telefone: 3641 \u2013 5270.<\/p>\n","protected":false},"excerpt":{"rendered":"<p>Est\u00e3o abertas, de 26 a 29 de julho de 2016, edital de vagas remanescentes para os cursos de Agropecu\u00e1ria e Meio Ambiente subsequentes. As inscri\u00e7\u00f5es dever\u00e3o ser efetuadas presencialmente no IF Baiano &#8211; campus Valen\u00e7a, localizado na Rua Glic\u00e9rio Tavares, Sn, Bate Quente. Est\u00e3o dispon\u00edveis 12 (doze) vagas para o curso de Agropecu\u00e1ria vespertino e [&hellip;]<\/p>\n","protected":false},"author":62,"featured_media":0,"comment_status":"open","ping_status":"open","sticky":false,"template":"","format":"standard","meta":[],"categories":[5,1],"tags":[],"_links":{"self":[{"href":"https:\/\/www.ifbaiano.edu.br\/unidades\/valenca\/wp-json\/wp\/v2\/posts\/4483"}],"collection":[{"href":"https:\/\/www.ifbaiano.edu.br\/unidades\/valenca\/wp-json\/wp\/v2\/posts"}],"about":[{"href":"https:\/\/www.ifbaiano.edu.br\/unidades\/valenca\/wp-json\/wp\/v2\/types\/post"}],"author":[{"embeddable":true,"href":"https:\/\/www.ifbaiano.edu.br\/unidades\/valenca\/wp-json\/wp\/v2\/users\/62"}],"replies":[{"embeddable":true,"href":"https:\/\/www.ifbaiano.edu.br\/unidades\/valenca\/wp-json\/wp\/v2\/comments?post=4483"}],"version-history":[{"count":5,"href":"https:\/\/www.ifbaiano.edu.br\/unidades\/valenca\/wp-json\/wp\/v2\/posts\/4483\/revisions"}],"predecessor-version":[{"id":4487,"href":"https:\/\/www.ifbaiano.edu.br\/unidades\/valenca\/wp-json\/wp\/v2\/posts\/4483\/revisions\/4487"}],"wp:attachment":[{"href":"https:\/\/www.ifbaiano.edu.br\/unidades\/valenca\/wp-json\/wp\/v2\/media?parent=4483"}],"wp:term":[{"taxonomy":"category","embeddable":true,"href":"https:\/\/www.ifbaiano.edu.br\/unidades\/valenca\/wp-json\/wp\/v2\/categories?post=4483"},{"taxonomy":"post_tag","embeddable":true,"href":"https:\/\/www.ifbaiano.edu.br\/unidades\/valenca\/wp-json\/wp\/v2\/tags?post=4483"}],"curies":[{"name":"wp","href":"https:\/\/api.w.org\/{rel}","templated":true}]}}