{"id":4498,"date":"2016-08-05T20:20:58","date_gmt":"2016-08-05T20:20:58","guid":{"rendered":"http:\/\/www.ifbaiano.edu.br\/unidades\/valenca\/?p=4498"},"modified":"2016-08-05T20:20:58","modified_gmt":"2016-08-05T20:20:58","slug":"edital-de-desfazimento-de-bens-de-informatica","status":"publish","type":"post","link":"https:\/\/www.ifbaiano.edu.br\/unidades\/valenca\/2016\/08\/05\/edital-de-desfazimento-de-bens-de-informatica\/","title":{"rendered":"EDITAL DE DESFAZIMENTO DE BENS DE INFORM\u00c1TICA"},"content":{"rendered":"<p style=\"text-align: justify\">O CAMPUS VALEN\u00c7A DO INSTITUTO FEDERAL DE EDUCA\u00c7\u00c3O, CI\u00caNCIA E TECNOLOGIA BAIANO (Antiga EMARC), \u00d3rg\u00e3o P\u00fablico do Poder Executivo Federal, CNPJ\/MF: 10.724.903\/0009-26, situado a Rua Glic\u00e9rio Tavares, S\/N, Bate Quente, Valen\u00e7a-BA, neste ato representado pelo seu Diretor-Geral, Prof. FRANCISCO HARLEY DE OLIVEIRA MENDON\u00c7A, nomeado pela Portaria n\u00ba 335, de 18 de mar\u00e7o de 2014, publicada no DOU em 19 de mar\u00e7o de 2014, TORNA P\u00daBLICO, que proceder\u00e1 ao desfazimento dos bens de inform\u00e1tica, classificados como inserv\u00edveis ao \u00f3rg\u00e3o. Tamb\u00e9m ser\u00e3o desfazidos outros bens, tais como mesas, carteiras, arm\u00e1rios, dentre outros.<\/p>\n<p style=\"text-align: justify\">Poder\u00e3o participar do Edital: Associa\u00e7\u00f5es, Cooperativas, Escolas P\u00fablicas, Empresas p\u00fablicas, Sociedade de economia mista, Institui\u00e7\u00f5es filantr\u00f3picas reconhecidas, como sendo de utilidade p\u00fablica; e Organiza\u00e7\u00f5es da Sociedade Civil de Interesse P\u00fablico (OSCIP).<\/p>\n<p style=\"text-align: justify\">O Edital na \u00edntegra e a lista dos bens, bem como maiores informa\u00e7\u00f5es poder\u00e3o ser obtidas no endere\u00e7o: <a href=\"http:\/\/WWW.ifbaiano.edu.br\/unidades\/valenca\">www.ifbaiano.edu.br\/unidades\/valenca<\/a> ou no telefone (075) 3641 5270, ramal 221 \u2013 Setor de Patrim\u00f4nio.<\/p>\n<p style=\"text-align: justify\"><a href=\"http:\/\/www.ifbaiano.edu.br\/unidades\/valenca\/files\/2016\/08\/EDITAL-DE-DESFAZIMENTO-DE-BENS-DE-INFORMATICA-n\u00ba-001_16.pdf\">EDITAL DE DESFAZIMENTO DE BENS DE INFORM\u00c1TICA<\/a><\/p>\n<p style=\"text-align: justify\"><a href=\"http:\/\/www.ifbaiano.edu.br\/unidades\/valenca\/files\/2016\/08\/ANEXO-I-Edtal-de-desfazimento-de-bens-de-informatica.pdf\">ANEXO I &#8211; Edital de desfazimento de bens de inform\u00e1tica<\/a><\/p>\n<p style=\"text-align: justify\"><a href=\"http:\/\/www.ifbaiano.edu.br\/unidades\/valenca\/files\/2016\/08\/ANEXO-II-Edital-de-desfazimento-de-bens-de-informatica.zip\">ANEXO II &#8211; Edital de desfazimento de bens de inform\u00e1tica<\/a><\/p>\n<p style=\"text-align: justify\"><a href=\"http:\/\/www.ifbaiano.edu.br\/unidades\/valenca\/files\/2016\/08\/OUTROS-BENS-EM-GERAL1.pdf\">OUTROS BENS EM GERAL<\/a><\/p>\n<p style=\"text-align: justify\">\n","protected":false},"excerpt":{"rendered":"<p>O CAMPUS VALEN\u00c7A DO INSTITUTO FEDERAL DE EDUCA\u00c7\u00c3O, CI\u00caNCIA E TECNOLOGIA BAIANO (Antiga EMARC), \u00d3rg\u00e3o P\u00fablico do Poder Executivo Federal, CNPJ\/MF: 10.724.903\/0009-26, situado a Rua Glic\u00e9rio Tavares, S\/N, Bate Quente, Valen\u00e7a-BA, neste ato representado pelo seu Diretor-Geral, Prof. FRANCISCO HARLEY DE OLIVEIRA MENDON\u00c7A, nomeado pela Portaria n\u00ba 335, de 18 de mar\u00e7o de 2014, publicada [&hellip;]<\/p>\n","protected":false},"author":62,"featured_media":0,"comment_status":"open","ping_status":"open","sticky":false,"template":"","format":"standard","meta":[],"categories":[5],"tags":[],"_links":{"self":[{"href":"https:\/\/www.ifbaiano.edu.br\/unidades\/valenca\/wp-json\/wp\/v2\/posts\/4498"}],"collection":[{"href":"https:\/\/www.ifbaiano.edu.br\/unidades\/valenca\/wp-json\/wp\/v2\/posts"}],"about":[{"href":"https:\/\/www.ifbaiano.edu.br\/unidades\/valenca\/wp-json\/wp\/v2\/types\/post"}],"author":[{"embeddable":true,"href":"https:\/\/www.ifbaiano.edu.br\/unidades\/valenca\/wp-json\/wp\/v2\/users\/62"}],"replies":[{"embeddable":true,"href":"https:\/\/www.ifbaiano.edu.br\/unidades\/valenca\/wp-json\/wp\/v2\/comments?post=4498"}],"version-history":[{"count":1,"href":"https:\/\/www.ifbaiano.edu.br\/unidades\/valenca\/wp-json\/wp\/v2\/posts\/4498\/revisions"}],"predecessor-version":[{"id":4506,"href":"https:\/\/www.ifbaiano.edu.br\/unidades\/valenca\/wp-json\/wp\/v2\/posts\/4498\/revisions\/4506"}],"wp:attachment":[{"href":"https:\/\/www.ifbaiano.edu.br\/unidades\/valenca\/wp-json\/wp\/v2\/media?parent=4498"}],"wp:term":[{"taxonomy":"category","embeddable":true,"href":"https:\/\/www.ifbaiano.edu.br\/unidades\/valenca\/wp-json\/wp\/v2\/categories?post=4498"},{"taxonomy":"post_tag","embeddable":true,"href":"https:\/\/www.ifbaiano.edu.br\/unidades\/valenca\/wp-json\/wp\/v2\/tags?post=4498"}],"curies":[{"name":"wp","href":"https:\/\/api.w.org\/{rel}","templated":true}]}}