{"id":4507,"date":"2016-09-06T12:15:26","date_gmt":"2016-09-06T12:15:26","guid":{"rendered":"http:\/\/www.ifbaiano.edu.br\/unidades\/valenca\/?p=4507"},"modified":"2016-09-08T12:28:27","modified_gmt":"2016-09-08T12:28:27","slug":"convite-para-audiencia-publica","status":"publish","type":"post","link":"https:\/\/www.ifbaiano.edu.br\/unidades\/valenca\/2016\/09\/06\/convite-para-audiencia-publica\/","title":{"rendered":"CONVITE PARA AUDI\u00caNCIA  P\u00daBLICA"},"content":{"rendered":"<p>O Instituto Federal de Educa\u00e7\u00e3o, Ci\u00eancia e Tecnologia Baiano- Campus Valen\u00e7a tem a honra de convidar a comunidade para participar de uma Audi\u00eancia P\u00fablica sobre a oferta de novos cursos no Campus Valen\u00e7a, a ser realizado \u00e0s 15:00 do dia 23 de setembro de 2016, no audit\u00f3rio do Campus.<\/p>\n<p><a href=\"http:\/\/www.ifbaiano.edu.br\/unidades\/valenca\/files\/2016\/09\/Convite.pdf\">Convite<\/a><\/p>\n","protected":false},"excerpt":{"rendered":"<p>O Instituto Federal de Educa\u00e7\u00e3o, Ci\u00eancia e Tecnologia Baiano- Campus Valen\u00e7a tem a honra de convidar a comunidade para participar de uma Audi\u00eancia P\u00fablica sobre a oferta de novos cursos no Campus Valen\u00e7a, a ser realizado \u00e0s 15:00 do dia 23 de setembro de 2016, no audit\u00f3rio do Campus. Convite<\/p>\n","protected":false},"author":62,"featured_media":0,"comment_status":"open","ping_status":"open","sticky":false,"template":"","format":"standard","meta":[],"categories":[5,40],"tags":[],"_links":{"self":[{"href":"https:\/\/www.ifbaiano.edu.br\/unidades\/valenca\/wp-json\/wp\/v2\/posts\/4507"}],"collection":[{"href":"https:\/\/www.ifbaiano.edu.br\/unidades\/valenca\/wp-json\/wp\/v2\/posts"}],"about":[{"href":"https:\/\/www.ifbaiano.edu.br\/unidades\/valenca\/wp-json\/wp\/v2\/types\/post"}],"author":[{"embeddable":true,"href":"https:\/\/www.ifbaiano.edu.br\/unidades\/valenca\/wp-json\/wp\/v2\/users\/62"}],"replies":[{"embeddable":true,"href":"https:\/\/www.ifbaiano.edu.br\/unidades\/valenca\/wp-json\/wp\/v2\/comments?post=4507"}],"version-history":[{"count":3,"href":"https:\/\/www.ifbaiano.edu.br\/unidades\/valenca\/wp-json\/wp\/v2\/posts\/4507\/revisions"}],"predecessor-version":[{"id":4510,"href":"https:\/\/www.ifbaiano.edu.br\/unidades\/valenca\/wp-json\/wp\/v2\/posts\/4507\/revisions\/4510"}],"wp:attachment":[{"href":"https:\/\/www.ifbaiano.edu.br\/unidades\/valenca\/wp-json\/wp\/v2\/media?parent=4507"}],"wp:term":[{"taxonomy":"category","embeddable":true,"href":"https:\/\/www.ifbaiano.edu.br\/unidades\/valenca\/wp-json\/wp\/v2\/categories?post=4507"},{"taxonomy":"post_tag","embeddable":true,"href":"https:\/\/www.ifbaiano.edu.br\/unidades\/valenca\/wp-json\/wp\/v2\/tags?post=4507"}],"curies":[{"name":"wp","href":"https:\/\/api.w.org\/{rel}","templated":true}]}}