{"id":4516,"date":"2016-09-12T16:58:55","date_gmt":"2016-09-12T16:58:55","guid":{"rendered":"http:\/\/www.ifbaiano.edu.br\/unidades\/valenca\/?p=4516"},"modified":"2016-09-12T16:59:36","modified_gmt":"2016-09-12T16:59:36","slug":"if-baiano-abre-processo-seletivo-para-ingresso-de-estudantes-em-2017","status":"publish","type":"post","link":"https:\/\/www.ifbaiano.edu.br\/unidades\/valenca\/2016\/09\/12\/if-baiano-abre-processo-seletivo-para-ingresso-de-estudantes-em-2017\/","title":{"rendered":"IF Baiano abre processo seletivo para ingresso de estudantes em 2017"},"content":{"rendered":"<p><em><a href=\"http:\/\/www.ifbaiano.edu.br\/unidades\/valenca\/files\/2016\/09\/14264139_1117144694991057_3436473063370623772_n.png\"><img decoding=\"async\" loading=\"lazy\" class=\"alignleft\" src=\"http:\/\/www.ifbaiano.edu.br\/unidades\/valenca\/files\/2016\/09\/14264139_1117144694991057_3436473063370623772_n.png\" alt=\"\" width=\"480\" height=\"480\" \/><\/a><\/em><\/p>\n<p><strong>IF Baiano abre processo seletivo para ingresso de estudantes em 2017<\/strong><\/p>\n<p><em>O per\u00edodo de inscri\u00e7\u00e3o \u00e9 de 12 de setembro a 10 de outubro<\/em><\/p>\n<p>&nbsp;<\/p>\n<p>De\u00a0<strong>12 de setembro a 10 de outubro<\/strong>, estar\u00e3o abertas as inscri\u00e7\u00f5es para ingresso de estudantes no Instituto Federal Baiano \u2013 IF Baiano, em 2017. A inscri\u00e7\u00e3o, gratuita, deve ser feita pela\u00a0<em>internet<\/em>, no\u00a0<em>site <\/em><a href=\"http:\/\/prosel.ifbaiano.edu.br\/\" target=\"_blank\">http:\/\/prosel.ifbaiano.edu.br<\/a>\u00a0<em>.<\/em><\/p>\n<p>Ao todo, s\u00e3o 2.925 vagas para cursos de Educa\u00e7\u00e3o Profissional de N\u00edvel M\u00e9dio, nas formas:\u00a0<strong>integrada<\/strong>(para quem j\u00e1 concluiu o Ensino Fundamental),\u00a0<strong>subsequente<\/strong>\u00a0(para quem j\u00e1 possui Ensino M\u00e9dio e para <strong>Jovens e Adultos \u2013 PROEJA <\/strong>(acima de 18 anos e com Ensino Fundamental completo).<\/p>\n<p>A sele\u00e7\u00e3o para as formas integrada e subsequente ser\u00e1 por An\u00e1lise de Desempenho Escolar. J\u00e1 a sele\u00e7\u00e3o dos cursos PROEJA ser\u00e1 por meio de entrevista, com car\u00e1ter eliminat\u00f3rio, e sorteio eletr\u00f4nico, classificat\u00f3rio.<\/p>\n<p>Para se inscrever, o candidato deve preencher o formul\u00e1rio de inscri\u00e7\u00e3o\u00a0<em>online<\/em>\u00a0e apresentar a documenta\u00e7\u00e3o elencada pelos editais, no\u00a0<em>campus<\/em>\u00a0para qual fez a op\u00e7\u00e3o de curso, presencialmente ou pelos Correios.<\/p>\n<p>Os cursos nas formas de oferta\u00a0<strong>Integrada e Subsequente<\/strong>\u00a0ser\u00e3o ofertados nos\u00a0<em>campi\u00a0<\/em>do IF Baiano em Bom Jesus da Lapa, Catu, Governador Mangabeira, Guanambi, Itapetinga, Santa In\u00eas, Senhor do Bonfim, Serrinha, Teixeira de Freitas, Uru\u00e7uca e Valen\u00e7a.<\/p>\n<p><strong>Reserva de vagas<\/strong><\/p>\n<p>O Processo Seletivo 2017 reserva 70% das vagas para estudantes provenientes de escolas p\u00fablicas , al\u00e9m de 5% para pessoas com defici\u00eancia.<\/p>\n<p><strong>Cursos Oferecidos no <em>campus<\/em> Valen\u00e7a<\/strong><\/p>\n<p>Na forma\u00a0<strong>integrada<\/strong>, os cursos t\u00e9cnicos ofertados <em>no campus<\/em> Valen\u00e7a s\u00e3o: Agroecologia (90 vagas) e Agropecu\u00e1ria (90 vagas).<\/p>\n<p>J\u00e1 os cursos\u00a0<strong>subsequentes<\/strong>\u00a0s\u00e3o: Agropecu\u00e1ria matutino (30 vagas), Meio Ambiente vespertino (30 vagas) e Meio Ambiente noturno (60 vagas).<\/p>\n","protected":false},"excerpt":{"rendered":"<p>IF Baiano abre processo seletivo para ingresso de estudantes em 2017 O per\u00edodo de inscri\u00e7\u00e3o \u00e9 de 12 de setembro a 10 de outubro &nbsp; De\u00a012 de setembro a 10 de outubro, estar\u00e3o abertas as inscri\u00e7\u00f5es para ingresso de estudantes no Instituto Federal Baiano \u2013 IF Baiano, em 2017. A inscri\u00e7\u00e3o, gratuita, deve ser feita [&hellip;]<\/p>\n","protected":false},"author":62,"featured_media":0,"comment_status":"open","ping_status":"open","sticky":false,"template":"","format":"standard","meta":[],"categories":[5,9],"tags":[],"_links":{"self":[{"href":"https:\/\/www.ifbaiano.edu.br\/unidades\/valenca\/wp-json\/wp\/v2\/posts\/4516"}],"collection":[{"href":"https:\/\/www.ifbaiano.edu.br\/unidades\/valenca\/wp-json\/wp\/v2\/posts"}],"about":[{"href":"https:\/\/www.ifbaiano.edu.br\/unidades\/valenca\/wp-json\/wp\/v2\/types\/post"}],"author":[{"embeddable":true,"href":"https:\/\/www.ifbaiano.edu.br\/unidades\/valenca\/wp-json\/wp\/v2\/users\/62"}],"replies":[{"embeddable":true,"href":"https:\/\/www.ifbaiano.edu.br\/unidades\/valenca\/wp-json\/wp\/v2\/comments?post=4516"}],"version-history":[{"count":2,"href":"https:\/\/www.ifbaiano.edu.br\/unidades\/valenca\/wp-json\/wp\/v2\/posts\/4516\/revisions"}],"predecessor-version":[{"id":4519,"href":"https:\/\/www.ifbaiano.edu.br\/unidades\/valenca\/wp-json\/wp\/v2\/posts\/4516\/revisions\/4519"}],"wp:attachment":[{"href":"https:\/\/www.ifbaiano.edu.br\/unidades\/valenca\/wp-json\/wp\/v2\/media?parent=4516"}],"wp:term":[{"taxonomy":"category","embeddable":true,"href":"https:\/\/www.ifbaiano.edu.br\/unidades\/valenca\/wp-json\/wp\/v2\/categories?post=4516"},{"taxonomy":"post_tag","embeddable":true,"href":"https:\/\/www.ifbaiano.edu.br\/unidades\/valenca\/wp-json\/wp\/v2\/tags?post=4516"}],"curies":[{"name":"wp","href":"https:\/\/api.w.org\/{rel}","templated":true}]}}