{"id":4520,"date":"2016-10-11T02:11:36","date_gmt":"2016-10-11T02:11:36","guid":{"rendered":"http:\/\/www.ifbaiano.edu.br\/unidades\/valenca\/?p=4520"},"modified":"2016-10-27T19:52:40","modified_gmt":"2016-10-27T19:52:40","slug":"aviso-de-tomada-de-preco-012016","status":"publish","type":"post","link":"https:\/\/www.ifbaiano.edu.br\/unidades\/valenca\/2016\/10\/11\/aviso-de-tomada-de-preco-012016\/","title":{"rendered":"AVISO DE TOMADA DE PRE\u00c7O 01\/2016"},"content":{"rendered":"<p style=\"text-align: center\">O Instituto Federal Baiano \u2013 Campus Valen\u00e7a torna p\u00fablico, para conhecimento dos interessados, que realizar\u00e1 a TOMADA DE PRE\u00c7O n\u00ba 01\/2016. Objeto: Reforma da quadra poliesportiva, conforme as pe\u00e7as t\u00e9cnicas constantes no Instrumento Convocat\u00f3rio e seus anexos, partes integrantes desta Tomada P\u00fablica. O Edital encontra-se dispon\u00edvel na sede do\u00a0 Campus e no s\u00edtio\u00a0 http:\/\/www.ifbaiano.edu.br\/unidades\/valenca. Sess\u00e3o de abertura: 31\/10\/2016, \u00e0s 14hr, Hor\u00e1rio Local, na sede do Instituto Federal Baiano \u2013 Campus Valen\u00e7a, localizado na Rua Glic\u00e9rio Tavares, s\/n, Bate Quente, CEP: 45.400-000, Valen\u00e7a \u2013 Bahia.<\/p>\n<p>Daiana Silva Mamona Nascimento<br \/>\nPresidente da Comiss\u00e3o<br \/>\nIF Baiano \u2013 Campus Valen\u00e7a<\/p>\n<p style=\"text-align: center\">\n<p style=\"text-align: center\">\n<p style=\"text-align: center\"><span style=\"color: #ff0000\"><strong>TOMADA SUSPENSA, NOVA DATA SER\u00c1 DIVULGADA!<\/strong><\/span><\/p>\n","protected":false},"excerpt":{"rendered":"<p>O Instituto Federal Baiano \u2013 Campus Valen\u00e7a torna p\u00fablico, para conhecimento dos interessados, que realizar\u00e1 a TOMADA DE PRE\u00c7O n\u00ba 01\/2016. Objeto: Reforma da quadra poliesportiva, conforme as pe\u00e7as t\u00e9cnicas constantes no Instrumento Convocat\u00f3rio e seus anexos, partes integrantes desta Tomada P\u00fablica. O Edital encontra-se dispon\u00edvel na sede do\u00a0 Campus e no s\u00edtio\u00a0 http:\/\/www.ifbaiano.edu.br\/unidades\/valenca. Sess\u00e3o [&hellip;]<\/p>\n","protected":false},"author":62,"featured_media":0,"comment_status":"open","ping_status":"open","sticky":false,"template":"","format":"standard","meta":[],"categories":[4,38],"tags":[],"_links":{"self":[{"href":"https:\/\/www.ifbaiano.edu.br\/unidades\/valenca\/wp-json\/wp\/v2\/posts\/4520"}],"collection":[{"href":"https:\/\/www.ifbaiano.edu.br\/unidades\/valenca\/wp-json\/wp\/v2\/posts"}],"about":[{"href":"https:\/\/www.ifbaiano.edu.br\/unidades\/valenca\/wp-json\/wp\/v2\/types\/post"}],"author":[{"embeddable":true,"href":"https:\/\/www.ifbaiano.edu.br\/unidades\/valenca\/wp-json\/wp\/v2\/users\/62"}],"replies":[{"embeddable":true,"href":"https:\/\/www.ifbaiano.edu.br\/unidades\/valenca\/wp-json\/wp\/v2\/comments?post=4520"}],"version-history":[{"count":2,"href":"https:\/\/www.ifbaiano.edu.br\/unidades\/valenca\/wp-json\/wp\/v2\/posts\/4520\/revisions"}],"predecessor-version":[{"id":4546,"href":"https:\/\/www.ifbaiano.edu.br\/unidades\/valenca\/wp-json\/wp\/v2\/posts\/4520\/revisions\/4546"}],"wp:attachment":[{"href":"https:\/\/www.ifbaiano.edu.br\/unidades\/valenca\/wp-json\/wp\/v2\/media?parent=4520"}],"wp:term":[{"taxonomy":"category","embeddable":true,"href":"https:\/\/www.ifbaiano.edu.br\/unidades\/valenca\/wp-json\/wp\/v2\/categories?post=4520"},{"taxonomy":"post_tag","embeddable":true,"href":"https:\/\/www.ifbaiano.edu.br\/unidades\/valenca\/wp-json\/wp\/v2\/tags?post=4520"}],"curies":[{"name":"wp","href":"https:\/\/api.w.org\/{rel}","templated":true}]}}