{"id":4526,"date":"2016-10-17T17:11:57","date_gmt":"2016-10-17T17:11:57","guid":{"rendered":"http:\/\/www.ifbaiano.edu.br\/unidades\/valenca\/?p=4526"},"modified":"2016-10-17T19:55:38","modified_gmt":"2016-10-17T19:55:38","slug":"abertura-das-inscricoes-no-curso-de-pos-graduacao-lato-sensu-em-leitura-e-producao-textual","status":"publish","type":"post","link":"https:\/\/www.ifbaiano.edu.br\/unidades\/valenca\/2016\/10\/17\/abertura-das-inscricoes-no-curso-de-pos-graduacao-lato-sensu-em-leitura-e-producao-textual\/","title":{"rendered":"P\u00f3s-Gradua\u00e7\u00e3o em Leitura e Produ\u00e7\u00e3o Textual e em Ensino de Matem\u00e1tica"},"content":{"rendered":"<p style=\"text-align: justify\">O REITOR DO INSTITUTO FEDERAL DE EDUCA\u00c7\u00c3O, CI\u00caNCIA E TECNOLOGIA BAIANO, toma p\u00fablica a abertura das inscri\u00e7\u00f5es do Processo Seletivo Discente para ingresso no Curso de P\u00f3s-Gradua\u00e7\u00e3o lato sensu em Leitura e Produ\u00e7\u00e3o Textual aplicadas \u00e0 Educa\u00e7\u00e3o de Jovens e Adultos e\u00a0P\u00f3s-Gradua\u00e7\u00e3o lato sensu em Ensino de Matem\u00e1tica a ser ofertado pelo Campus Valen\u00e7a.<\/p>\n<p style=\"text-align: justify\">Segue em anexo edital para lato sensu em Leitura e Produ\u00e7\u00e3o Textual aplicadas \u00e0 Educa\u00e7\u00e3o de Jovens e Adultos.<\/p>\n<p style=\"text-align: justify\"><a href=\"http:\/\/www.ifbaiano.edu.br\/unidades\/valenca\/files\/2016\/10\/Edital-PROPES-n-12-2016_Espec.-em-Leit-Prod-Textual_EJA_VAL_Versao-Final.pdf\">EDITAL<\/a><\/p>\n<p style=\"text-align: justify\">Segue em anexo edital para lato sensu em Ensino de Matem\u00e1tica.<\/p>\n<p style=\"text-align: justify\"><a href=\"http:\/\/www.ifbaiano.edu.br\/unidades\/valenca\/files\/2016\/10\/Edital-PROPES-n-13-2016_Espec.-em-Ensino-da-Matem\u00e1tica_VAL_Versao-Final.pdf\">EDITAL<\/a><\/p>\n","protected":false},"excerpt":{"rendered":"<p>O REITOR DO INSTITUTO FEDERAL DE EDUCA\u00c7\u00c3O, CI\u00caNCIA E TECNOLOGIA BAIANO, toma p\u00fablica a abertura das inscri\u00e7\u00f5es do Processo Seletivo Discente para ingresso no Curso de P\u00f3s-Gradua\u00e7\u00e3o lato sensu em Leitura e Produ\u00e7\u00e3o Textual aplicadas \u00e0 Educa\u00e7\u00e3o de Jovens e Adultos e\u00a0P\u00f3s-Gradua\u00e7\u00e3o lato sensu em Ensino de Matem\u00e1tica a ser ofertado pelo Campus Valen\u00e7a. Segue [&hellip;]<\/p>\n","protected":false},"author":62,"featured_media":0,"comment_status":"open","ping_status":"open","sticky":false,"template":"","format":"standard","meta":[],"categories":[5],"tags":[],"_links":{"self":[{"href":"https:\/\/www.ifbaiano.edu.br\/unidades\/valenca\/wp-json\/wp\/v2\/posts\/4526"}],"collection":[{"href":"https:\/\/www.ifbaiano.edu.br\/unidades\/valenca\/wp-json\/wp\/v2\/posts"}],"about":[{"href":"https:\/\/www.ifbaiano.edu.br\/unidades\/valenca\/wp-json\/wp\/v2\/types\/post"}],"author":[{"embeddable":true,"href":"https:\/\/www.ifbaiano.edu.br\/unidades\/valenca\/wp-json\/wp\/v2\/users\/62"}],"replies":[{"embeddable":true,"href":"https:\/\/www.ifbaiano.edu.br\/unidades\/valenca\/wp-json\/wp\/v2\/comments?post=4526"}],"version-history":[{"count":7,"href":"https:\/\/www.ifbaiano.edu.br\/unidades\/valenca\/wp-json\/wp\/v2\/posts\/4526\/revisions"}],"predecessor-version":[{"id":4530,"href":"https:\/\/www.ifbaiano.edu.br\/unidades\/valenca\/wp-json\/wp\/v2\/posts\/4526\/revisions\/4530"}],"wp:attachment":[{"href":"https:\/\/www.ifbaiano.edu.br\/unidades\/valenca\/wp-json\/wp\/v2\/media?parent=4526"}],"wp:term":[{"taxonomy":"category","embeddable":true,"href":"https:\/\/www.ifbaiano.edu.br\/unidades\/valenca\/wp-json\/wp\/v2\/categories?post=4526"},{"taxonomy":"post_tag","embeddable":true,"href":"https:\/\/www.ifbaiano.edu.br\/unidades\/valenca\/wp-json\/wp\/v2\/tags?post=4526"}],"curies":[{"name":"wp","href":"https:\/\/api.w.org\/{rel}","templated":true}]}}