{"id":4537,"date":"2016-10-25T16:58:49","date_gmt":"2016-10-25T16:58:49","guid":{"rendered":"http:\/\/www.ifbaiano.edu.br\/unidades\/valenca\/?p=4537"},"modified":"2016-10-26T11:09:35","modified_gmt":"2016-10-26T11:09:35","slug":"ifbaiano-valenca-esta-participando-da-6%c2%aa-obap-%e2%80%93-olimpiadas-brasileira-de-agropecuaria","status":"publish","type":"post","link":"https:\/\/www.ifbaiano.edu.br\/unidades\/valenca\/2016\/10\/25\/ifbaiano-valenca-esta-participando-da-6%c2%aa-obap-%e2%80%93-olimpiadas-brasileira-de-agropecuaria\/","title":{"rendered":"IFBaiano &#8211; Valen\u00e7a est\u00e1 participando da 6\u00aa OBAP \u2013 Olimp\u00edadas Brasileira de Agropecu\u00e1ria"},"content":{"rendered":"<p align=\"justify\"><span style=\"font-size: medium\">Este ano o c<em>ampus <\/em>Valen\u00e7a do IFBaiano participou da 6\u00aa OBAP \u2013 Olimp\u00edadas Brasileira de Agropecu\u00e1ria, tendo como representantes do campus os discentes Ra\u00edssa da Concei\u00e7\u00e3o, Tauney de Jesus e Jo\u00e3o Fernando do curso t\u00e9cnico em agropecu\u00e1ria integrado, sob orienta\u00e7\u00e3o da professora Luciana Carvalho da \u00e1rea de Zootecnia.<a href=\"http:\/\/www.ifbaiano.edu.br\/unidades\/valenca\/files\/2016\/10\/A.jpg\"><img decoding=\"async\" loading=\"lazy\" class=\"alignleft size-full wp-image-4538\" style=\"margin: 5px\" src=\"http:\/\/www.ifbaiano.edu.br\/unidades\/valenca\/files\/2016\/10\/A.jpg\" alt=\"\" width=\"461\" height=\"259\" \/><\/a><\/span><\/p>\n<p align=\"justify\"><span style=\"font-size: medium\">Nos dias 01 a 04 do m\u00eas de agosto do corrente ano foram realizadas a primeira e segunda etapas, onde cada discente teve 50 minutos para responder 20 quest\u00f5es (por etapa) da \u00e1rea de agropecu\u00e1ria totalizando 120 quest\u00f5es. <a href=\"http:\/\/www.ifbaiano.edu.br\/unidades\/valenca\/files\/2016\/10\/B.jpg\"><img decoding=\"async\" loading=\"lazy\" class=\"size-full wp-image-4539 alignright\" style=\"margin: 5px\" src=\"http:\/\/www.ifbaiano.edu.br\/unidades\/valenca\/files\/2016\/10\/B.jpg\" alt=\"\" width=\"461\" height=\"259\" \/><\/a><\/span><\/p>\n<p align=\"justify\">\u201c<span style=\"font-size: medium\">Nosso <em>campus<\/em> conseguiu acertar 96 quest\u00f5es que nos classificou para a terceira etapa que \u00e9 presencial e ocorrer\u00e1 nos dias 07 \u00e0 09 de outubro no IFTM (IF Tri\u00e2ngulo Mineiro) <em>campus<\/em> Uberl\u00e2ndia, sendo que esse evento proporcionou o despertar cr\u00edtico dos discentes envolvidos a cerca da sua futura \u00e1rea de forma\u00e7\u00e3o\u201d conforme informado pela Orientadora, profa. Luciana Carvalho.<\/span><\/p>\n<p align=\"justify\"><span style=\"font-size: medium\">Ganhar \u00e9 sempre bom, mas a participa\u00e7\u00e3o e aprendizado s\u00e3o essenciais para a forma\u00e7\u00e3o de nossos discentes.<\/span><\/p>\n<p><span style=\"font-size: medium\"><br \/>\n<\/span><\/p>\n<p align=\"justify\"><span style=\"font-size: medium\"><a href=\"http:\/\/www.ifbaiano.edu.br\/unidades\/valenca\/files\/2016\/10\/c.jpg\"><img decoding=\"async\" loading=\"lazy\" class=\"alignleft size-full wp-image-4542\" src=\"http:\/\/www.ifbaiano.edu.br\/unidades\/valenca\/files\/2016\/10\/c.jpg\" alt=\"\" width=\"384\" height=\"256\" \/><\/a><\/span><span style=\"font-size: medium\"><a href=\"http:\/\/www.ifbaiano.edu.br\/unidades\/valenca\/files\/2016\/10\/d.jpg\"><img decoding=\"async\" loading=\"lazy\" class=\"size-full wp-image-4543 alignright\" src=\"http:\/\/www.ifbaiano.edu.br\/unidades\/valenca\/files\/2016\/10\/d.jpg\" alt=\"\" width=\"420\" height=\"280\" \/><\/a><\/span><\/p>\n","protected":false},"excerpt":{"rendered":"<p>Este ano o campus Valen\u00e7a do IFBaiano participou da 6\u00aa OBAP \u2013 Olimp\u00edadas Brasileira de Agropecu\u00e1ria, tendo como representantes do campus os discentes Ra\u00edssa da Concei\u00e7\u00e3o, Tauney de Jesus e Jo\u00e3o Fernando do curso t\u00e9cnico em agropecu\u00e1ria integrado, sob orienta\u00e7\u00e3o da professora Luciana Carvalho da \u00e1rea de Zootecnia. Nos dias 01 a 04 do m\u00eas [&hellip;]<\/p>\n","protected":false},"author":62,"featured_media":0,"comment_status":"open","ping_status":"open","sticky":false,"template":"","format":"standard","meta":[],"categories":[25],"tags":[],"_links":{"self":[{"href":"https:\/\/www.ifbaiano.edu.br\/unidades\/valenca\/wp-json\/wp\/v2\/posts\/4537"}],"collection":[{"href":"https:\/\/www.ifbaiano.edu.br\/unidades\/valenca\/wp-json\/wp\/v2\/posts"}],"about":[{"href":"https:\/\/www.ifbaiano.edu.br\/unidades\/valenca\/wp-json\/wp\/v2\/types\/post"}],"author":[{"embeddable":true,"href":"https:\/\/www.ifbaiano.edu.br\/unidades\/valenca\/wp-json\/wp\/v2\/users\/62"}],"replies":[{"embeddable":true,"href":"https:\/\/www.ifbaiano.edu.br\/unidades\/valenca\/wp-json\/wp\/v2\/comments?post=4537"}],"version-history":[{"count":3,"href":"https:\/\/www.ifbaiano.edu.br\/unidades\/valenca\/wp-json\/wp\/v2\/posts\/4537\/revisions"}],"predecessor-version":[{"id":4544,"href":"https:\/\/www.ifbaiano.edu.br\/unidades\/valenca\/wp-json\/wp\/v2\/posts\/4537\/revisions\/4544"}],"wp:attachment":[{"href":"https:\/\/www.ifbaiano.edu.br\/unidades\/valenca\/wp-json\/wp\/v2\/media?parent=4537"}],"wp:term":[{"taxonomy":"category","embeddable":true,"href":"https:\/\/www.ifbaiano.edu.br\/unidades\/valenca\/wp-json\/wp\/v2\/categories?post=4537"},{"taxonomy":"post_tag","embeddable":true,"href":"https:\/\/www.ifbaiano.edu.br\/unidades\/valenca\/wp-json\/wp\/v2\/tags?post=4537"}],"curies":[{"name":"wp","href":"https:\/\/api.w.org\/{rel}","templated":true}]}}