{"id":4547,"date":"2016-11-01T17:41:14","date_gmt":"2016-11-01T17:41:14","guid":{"rendered":"http:\/\/www.ifbaiano.edu.br\/unidades\/valenca\/?p=4547"},"modified":"2016-11-03T11:13:06","modified_gmt":"2016-11-03T11:13:06","slug":"a-cidade-de-valenca-representada-em-verso-prosa-e-fotografia","status":"publish","type":"post","link":"https:\/\/www.ifbaiano.edu.br\/unidades\/valenca\/2016\/11\/01\/a-cidade-de-valenca-representada-em-verso-prosa-e-fotografia\/","title":{"rendered":"A CIDADE DE VALEN\u00c7A REPRESENTADA EM VERSO, PROSA E FOTOGRAFIA"},"content":{"rendered":"<p style=\"text-align: justify\"><strong><a href=\"http:\/\/www.ifbaiano.edu.br\/unidades\/valenca\/files\/2016\/11\/a.png\"><img decoding=\"async\" loading=\"lazy\" class=\"alignleft size-full wp-image-4552\" style=\"margin-left: 10px;margin-right: 10px\" src=\"http:\/\/www.ifbaiano.edu.br\/unidades\/valenca\/files\/2016\/11\/a.png\" alt=\"\" width=\"492\" height=\"305\" \/><\/a>Servidores e discentes do IFBAIANO promovem projeto de extens\u00e3o voltado para a cria\u00e7\u00e3o de um livro interart\u00edstico sobre a cidade. <\/strong><\/p>\n<p style=\"text-align: justify\"><strong>\u00a0<\/strong>Entre os dias 01 a 30 de novembro, est\u00e3o abertas as inscri\u00e7\u00f5es para submiss\u00e3o de textos ao projeto de extens\u00e3o <strong>\u00c0s margens f\u00e9rteis do Rio Una<\/strong>: produ\u00e7\u00e3o interart\u00edstica em Valen\u00e7a, BA.\u00a0 Pode participar a comunidade valenciana em duas modalidades: Estudantes (ensino m\u00e9dio e superior) e N\u00e3o estudantes (pessoas ligadas \u00e0 educa\u00e7\u00e3o e demais membros da comunidade local). Para tanto, os interessados devem consultar a CHAMADA P\u00daBLICA 004\/2016 no endere\u00e7o: http:\/\/www.ifbaiano.edu.br\/unidades\/valenca\/?p=4547 e fazer sua inscri\u00e7\u00e3o, enviando seu material para o e-mail: <a href=\"mailto:valencacultural@outlook.com\">valencacultural@outlook.com<\/a>.<\/p>\n<p style=\"text-align: justify\">O objetivo do Projeto \u00e9 promover a produ\u00e7\u00e3o interart\u00edstica na cidade de Valen\u00e7a (BA) por meio do est\u00edmulo \u00e0 cria\u00e7\u00e3o de textos liter\u00e1rios e fotogr\u00e1ficos relacionados \u00e0 pr\u00f3pria cidade em suas v\u00e1rias facetas (hist\u00f3rica, social, pol\u00edtica, econ\u00f4mica, ambiental, cultural, geogr\u00e1fica, religiosa, etc.). O candidato dever\u00e1 produzir cr\u00f4nica, poema ou fotografia em torno da tem\u00e1tica \u201c<strong>Valen\u00e7a, o local onde vivo<\/strong>\u201d. Esses textos ser\u00e3o julgados por uma equipe de especialistas e ser\u00e3o classificados os seis primeiros em cada categoria. Os textos vencedores ser\u00e3o publicados em livro que ser\u00e1 lan\u00e7ado em junho de 2017. A premia\u00e7\u00e3o ser\u00e1 essa publica\u00e7\u00e3o. Cada vencedor receber\u00e1 exemplares no dia do lan\u00e7amento.<\/p>\n<p><a href=\"http:\/\/www.ifbaiano.edu.br\/unidades\/valenca\/files\/2016\/11\/CHAMADA-PUBLICA.pdf\">EDITAL<\/a><\/p>\n<p>&nbsp;<\/p>\n","protected":false},"excerpt":{"rendered":"<p>Servidores e discentes do IFBAIANO promovem projeto de extens\u00e3o voltado para a cria\u00e7\u00e3o de um livro interart\u00edstico sobre a cidade. \u00a0Entre os dias 01 a 30 de novembro, est\u00e3o abertas as inscri\u00e7\u00f5es para submiss\u00e3o de textos ao projeto de extens\u00e3o \u00c0s margens f\u00e9rteis do Rio Una: produ\u00e7\u00e3o interart\u00edstica em Valen\u00e7a, BA.\u00a0 Pode participar a comunidade [&hellip;]<\/p>\n","protected":false},"author":62,"featured_media":0,"comment_status":"open","ping_status":"open","sticky":false,"template":"","format":"standard","meta":[],"categories":[33],"tags":[],"_links":{"self":[{"href":"https:\/\/www.ifbaiano.edu.br\/unidades\/valenca\/wp-json\/wp\/v2\/posts\/4547"}],"collection":[{"href":"https:\/\/www.ifbaiano.edu.br\/unidades\/valenca\/wp-json\/wp\/v2\/posts"}],"about":[{"href":"https:\/\/www.ifbaiano.edu.br\/unidades\/valenca\/wp-json\/wp\/v2\/types\/post"}],"author":[{"embeddable":true,"href":"https:\/\/www.ifbaiano.edu.br\/unidades\/valenca\/wp-json\/wp\/v2\/users\/62"}],"replies":[{"embeddable":true,"href":"https:\/\/www.ifbaiano.edu.br\/unidades\/valenca\/wp-json\/wp\/v2\/comments?post=4547"}],"version-history":[{"count":7,"href":"https:\/\/www.ifbaiano.edu.br\/unidades\/valenca\/wp-json\/wp\/v2\/posts\/4547\/revisions"}],"predecessor-version":[{"id":4556,"href":"https:\/\/www.ifbaiano.edu.br\/unidades\/valenca\/wp-json\/wp\/v2\/posts\/4547\/revisions\/4556"}],"wp:attachment":[{"href":"https:\/\/www.ifbaiano.edu.br\/unidades\/valenca\/wp-json\/wp\/v2\/media?parent=4547"}],"wp:term":[{"taxonomy":"category","embeddable":true,"href":"https:\/\/www.ifbaiano.edu.br\/unidades\/valenca\/wp-json\/wp\/v2\/categories?post=4547"},{"taxonomy":"post_tag","embeddable":true,"href":"https:\/\/www.ifbaiano.edu.br\/unidades\/valenca\/wp-json\/wp\/v2\/tags?post=4547"}],"curies":[{"name":"wp","href":"https:\/\/api.w.org\/{rel}","templated":true}]}}