{"id":4564,"date":"2016-11-13T12:15:17","date_gmt":"2016-11-13T12:15:17","guid":{"rendered":"http:\/\/www.ifbaiano.edu.br\/unidades\/valenca\/?p=4564"},"modified":"2016-11-14T12:27:54","modified_gmt":"2016-11-14T12:27:54","slug":"homologacao-das-inscricoes-do-processo-seletivo-do-curso-de-pos-graduacao-lato-sensu-em-leitura-e-producao-textual","status":"publish","type":"post","link":"https:\/\/www.ifbaiano.edu.br\/unidades\/valenca\/2016\/11\/13\/homologacao-das-inscricoes-do-processo-seletivo-do-curso-de-pos-graduacao-lato-sensu-em-leitura-e-producao-textual\/","title":{"rendered":"HOMOLOGA\u00c7\u00c3O DAS INSCRI\u00c7\u00d5ES DO PROCESSO SELETIVO DO  CURSO DE P\u00d3S-GRADUA\u00c7\u00c3O LATO SENSU EM  LEITURA E PRODU\u00c7\u00c3O TEXTUAL"},"content":{"rendered":"<p>HOMOLOGA\u00c7\u00c3O DAS INSCRI\u00c7\u00d5ES DO PROCESSO SELETIVO DO \u00a0CURSO DE P\u00d3S-GRADUA\u00c7\u00c3O LATO SENSU EM\u00a0 LEITURA E PRODU\u00c7\u00c3O TEXTUAL APLICADAS \u00c0 EDUCA\u00c7\u00c3O DE JOVENS E ADULTOS DO INSTITUTO FEDERAL BAIANO \u2013 CAMPUS VALEN\u00c7A, \u00a0REFERENTE AO EDITAL 12\/2016, DE 10 DE OUTUBRO DE \u00a02016.<\/p>\n<p><a href=\"http:\/\/www.ifbaiano.edu.br\/unidades\/valenca\/files\/2016\/11\/homologao-das-inscries-pOs-em-leitura-e-produo-textual-CAMPUS-VALEN\u00c7A.pdf\">Homologa\u00e7\u00e3o<\/a><\/p>\n<p>&nbsp;<\/p>\n","protected":false},"excerpt":{"rendered":"<p>HOMOLOGA\u00c7\u00c3O DAS INSCRI\u00c7\u00d5ES DO PROCESSO SELETIVO DO \u00a0CURSO DE P\u00d3S-GRADUA\u00c7\u00c3O LATO SENSU EM\u00a0 LEITURA E PRODU\u00c7\u00c3O TEXTUAL APLICADAS \u00c0 EDUCA\u00c7\u00c3O DE JOVENS E ADULTOS DO INSTITUTO FEDERAL BAIANO \u2013 CAMPUS VALEN\u00c7A, \u00a0REFERENTE AO EDITAL 12\/2016, DE 10 DE OUTUBRO DE \u00a02016. Homologa\u00e7\u00e3o &nbsp;<\/p>\n","protected":false},"author":62,"featured_media":0,"comment_status":"open","ping_status":"open","sticky":false,"template":"","format":"standard","meta":[],"categories":[4,60],"tags":[],"_links":{"self":[{"href":"https:\/\/www.ifbaiano.edu.br\/unidades\/valenca\/wp-json\/wp\/v2\/posts\/4564"}],"collection":[{"href":"https:\/\/www.ifbaiano.edu.br\/unidades\/valenca\/wp-json\/wp\/v2\/posts"}],"about":[{"href":"https:\/\/www.ifbaiano.edu.br\/unidades\/valenca\/wp-json\/wp\/v2\/types\/post"}],"author":[{"embeddable":true,"href":"https:\/\/www.ifbaiano.edu.br\/unidades\/valenca\/wp-json\/wp\/v2\/users\/62"}],"replies":[{"embeddable":true,"href":"https:\/\/www.ifbaiano.edu.br\/unidades\/valenca\/wp-json\/wp\/v2\/comments?post=4564"}],"version-history":[{"count":1,"href":"https:\/\/www.ifbaiano.edu.br\/unidades\/valenca\/wp-json\/wp\/v2\/posts\/4564\/revisions"}],"predecessor-version":[{"id":4566,"href":"https:\/\/www.ifbaiano.edu.br\/unidades\/valenca\/wp-json\/wp\/v2\/posts\/4564\/revisions\/4566"}],"wp:attachment":[{"href":"https:\/\/www.ifbaiano.edu.br\/unidades\/valenca\/wp-json\/wp\/v2\/media?parent=4564"}],"wp:term":[{"taxonomy":"category","embeddable":true,"href":"https:\/\/www.ifbaiano.edu.br\/unidades\/valenca\/wp-json\/wp\/v2\/categories?post=4564"},{"taxonomy":"post_tag","embeddable":true,"href":"https:\/\/www.ifbaiano.edu.br\/unidades\/valenca\/wp-json\/wp\/v2\/tags?post=4564"}],"curies":[{"name":"wp","href":"https:\/\/api.w.org\/{rel}","templated":true}]}}