{"id":4572,"date":"2016-11-28T12:25:51","date_gmt":"2016-11-28T12:25:51","guid":{"rendered":"http:\/\/www.ifbaiano.edu.br\/unidades\/valenca\/?p=4572"},"modified":"2016-11-28T12:27:31","modified_gmt":"2016-11-28T12:27:31","slug":"homologacao-dos-resultados-do-processo-seletivo-da-pos-graduacao-em-leitura-e-producao-textual","status":"publish","type":"post","link":"https:\/\/www.ifbaiano.edu.br\/unidades\/valenca\/2016\/11\/28\/homologacao-dos-resultados-do-processo-seletivo-da-pos-graduacao-em-leitura-e-producao-textual\/","title":{"rendered":"Homologa\u00e7\u00e3o dos Resultados do Processo Seletivo da P\u00f3s-Gradua\u00e7\u00e3o em Leitura e Produ\u00e7\u00e3o Textual"},"content":{"rendered":"<p>Segue em anexo as homologa\u00e7\u00f5es.<\/p>\n<p><a href=\"http:\/\/www.ifbaiano.edu.br\/unidades\/valenca\/files\/2016\/11\/HOMOLOGA\u00c7\u00c3O-Entrevista-horarios-e-rela\u00e7\u00e3o-de-nomes-P\u00d3S-EM-LEITURA-E-PROD-TEXTUAL.pdf\">Homologa\u00e7\u00e3o Entrevista<\/a><\/p>\n<p><a href=\"http:\/\/www.ifbaiano.edu.br\/unidades\/valenca\/files\/2016\/11\/homologa\u00e7\u00e3o-da-etapas-1-e-2-an\u00e1lise-do-memoria-e-do-curriculo-p\u00f3s-em-leitura-e-produ\u00e7\u00e3o-textual.pdf\">Homologa\u00e7\u00e3o das Etapas 1 e 2<\/a><\/p>\n","protected":false},"excerpt":{"rendered":"<p>Segue em anexo as homologa\u00e7\u00f5es. Homologa\u00e7\u00e3o Entrevista Homologa\u00e7\u00e3o das Etapas 1 e 2<\/p>\n","protected":false},"author":62,"featured_media":0,"comment_status":"open","ping_status":"open","sticky":false,"template":"","format":"standard","meta":[],"categories":[5],"tags":[],"_links":{"self":[{"href":"https:\/\/www.ifbaiano.edu.br\/unidades\/valenca\/wp-json\/wp\/v2\/posts\/4572"}],"collection":[{"href":"https:\/\/www.ifbaiano.edu.br\/unidades\/valenca\/wp-json\/wp\/v2\/posts"}],"about":[{"href":"https:\/\/www.ifbaiano.edu.br\/unidades\/valenca\/wp-json\/wp\/v2\/types\/post"}],"author":[{"embeddable":true,"href":"https:\/\/www.ifbaiano.edu.br\/unidades\/valenca\/wp-json\/wp\/v2\/users\/62"}],"replies":[{"embeddable":true,"href":"https:\/\/www.ifbaiano.edu.br\/unidades\/valenca\/wp-json\/wp\/v2\/comments?post=4572"}],"version-history":[{"count":1,"href":"https:\/\/www.ifbaiano.edu.br\/unidades\/valenca\/wp-json\/wp\/v2\/posts\/4572\/revisions"}],"predecessor-version":[{"id":4576,"href":"https:\/\/www.ifbaiano.edu.br\/unidades\/valenca\/wp-json\/wp\/v2\/posts\/4572\/revisions\/4576"}],"wp:attachment":[{"href":"https:\/\/www.ifbaiano.edu.br\/unidades\/valenca\/wp-json\/wp\/v2\/media?parent=4572"}],"wp:term":[{"taxonomy":"category","embeddable":true,"href":"https:\/\/www.ifbaiano.edu.br\/unidades\/valenca\/wp-json\/wp\/v2\/categories?post=4572"},{"taxonomy":"post_tag","embeddable":true,"href":"https:\/\/www.ifbaiano.edu.br\/unidades\/valenca\/wp-json\/wp\/v2\/tags?post=4572"}],"curies":[{"name":"wp","href":"https:\/\/api.w.org\/{rel}","templated":true}]}}