{"id":4577,"date":"2016-11-28T12:37:24","date_gmt":"2016-11-28T12:37:24","guid":{"rendered":"http:\/\/www.ifbaiano.edu.br\/unidades\/valenca\/?p=4577"},"modified":"2016-11-28T12:37:24","modified_gmt":"2016-11-28T12:37:24","slug":"retificacao-da-homologacao-das-inscricoes-do-processo-seletivo-do-curso-de-pos-graduacao-lato-sensu-em-leitura-e-producao-textual","status":"publish","type":"post","link":"https:\/\/www.ifbaiano.edu.br\/unidades\/valenca\/2016\/11\/28\/retificacao-da-homologacao-das-inscricoes-do-processo-seletivo-do-curso-de-pos-graduacao-lato-sensu-em-leitura-e-producao-textual\/","title":{"rendered":"Retifica\u00e7\u00e3o da HOMOLOGA\u00c7\u00c3O DAS INSCRI\u00c7\u00d5ES DO PROCESSO SELETIVO DO CURSO DE P\u00d3S-GRADUA\u00c7\u00c3O LATO SENSU EM LEITURA E PRODU\u00c7\u00c3O TEXTUAL"},"content":{"rendered":"<p><a href=\"http:\/\/www.ifbaiano.edu.br\/unidades\/valenca\/files\/2016\/11\/RETIFICAcaO-01.pdf\">Retifica\u00e7\u00e3o 1<\/a><\/p>\n<p><a href=\"http:\/\/www.ifbaiano.edu.br\/unidades\/valenca\/files\/2016\/11\/RETIFICAcaO-02-homologacao.pdf\">Retifica\u00e7\u00e3o 2<\/a><\/p>\n","protected":false},"excerpt":{"rendered":"<p>Retifica\u00e7\u00e3o 1 Retifica\u00e7\u00e3o 2<\/p>\n","protected":false},"author":62,"featured_media":0,"comment_status":"open","ping_status":"open","sticky":false,"template":"","format":"standard","meta":[],"categories":[1],"tags":[],"_links":{"self":[{"href":"https:\/\/www.ifbaiano.edu.br\/unidades\/valenca\/wp-json\/wp\/v2\/posts\/4577"}],"collection":[{"href":"https:\/\/www.ifbaiano.edu.br\/unidades\/valenca\/wp-json\/wp\/v2\/posts"}],"about":[{"href":"https:\/\/www.ifbaiano.edu.br\/unidades\/valenca\/wp-json\/wp\/v2\/types\/post"}],"author":[{"embeddable":true,"href":"https:\/\/www.ifbaiano.edu.br\/unidades\/valenca\/wp-json\/wp\/v2\/users\/62"}],"replies":[{"embeddable":true,"href":"https:\/\/www.ifbaiano.edu.br\/unidades\/valenca\/wp-json\/wp\/v2\/comments?post=4577"}],"version-history":[{"count":1,"href":"https:\/\/www.ifbaiano.edu.br\/unidades\/valenca\/wp-json\/wp\/v2\/posts\/4577\/revisions"}],"predecessor-version":[{"id":4580,"href":"https:\/\/www.ifbaiano.edu.br\/unidades\/valenca\/wp-json\/wp\/v2\/posts\/4577\/revisions\/4580"}],"wp:attachment":[{"href":"https:\/\/www.ifbaiano.edu.br\/unidades\/valenca\/wp-json\/wp\/v2\/media?parent=4577"}],"wp:term":[{"taxonomy":"category","embeddable":true,"href":"https:\/\/www.ifbaiano.edu.br\/unidades\/valenca\/wp-json\/wp\/v2\/categories?post=4577"},{"taxonomy":"post_tag","embeddable":true,"href":"https:\/\/www.ifbaiano.edu.br\/unidades\/valenca\/wp-json\/wp\/v2\/tags?post=4577"}],"curies":[{"name":"wp","href":"https:\/\/api.w.org\/{rel}","templated":true}]}}